{"id":2129,"date":"2020-08-15T08:30:28","date_gmt":"2020-08-15T08:30:28","guid":{"rendered":"https:\/\/vicaria6.bizkeliza.net\/?p=2129"},"modified":"2020-08-15T08:32:29","modified_gmt":"2020-08-15T08:32:29","slug":"15-agosto-desde-la-basilica-de-begona","status":"publish","type":"post","link":"https:\/\/vicaria6.bizkeliza.net\/?p=2129","title":{"rendered":"15 AGOSTO- desde la Bas\u00edlica de Bego\u00f1a"},"content":{"rendered":"<h3>Esta ma\u00f1ana&#8230;<\/h3>\n<p>&#8220;Mar\u00eda, consoladora de los afligidos,\u00a0 fuente de fortaleza, causa de nuestra alegr\u00eda, proclama la grandeza del Se\u00f1or&#8221;<\/p>\n<p><iframe title=\"Celebraciones desde la Bas\u00edlica de Bego\u00f1a (15\/08\/2020)\" width=\"960\" height=\"540\" src=\"https:\/\/www.youtube.com\/embed\/UeyzijXvscc?feature=oembed\" frameborder=\"0\" allow=\"accelerometer; autoplay; encrypted-media; gyroscope; picture-in-picture\" allowfullscreen><\/iframe><\/p>\n<p>&nbsp;<\/p>\n<h4>En el a\u00f1o 2015&#8230;<\/h4>\n<p><iframe title=\"La Asunci\u00f3n de Maria en Bego\u00f1a\" width=\"960\" height=\"540\" src=\"https:\/\/www.youtube.com\/embed\/rXrIFeIHFdo?feature=oembed\" frameborder=\"0\" allow=\"accelerometer; autoplay; encrypted-media; gyroscope; picture-in-picture\" allowfullscreen><\/iframe><\/p>\n","protected":false},"excerpt":{"rendered":"<p>Esta ma\u00f1ana&#8230; &#8220;Mar\u00eda, consoladora de los afligidos,\u00a0 fuente de fortaleza, causa de nuestra alegr\u00eda, proclama la grandeza del Se\u00f1or&#8221; &nbsp; En el a\u00f1o 2015&#8230;<\/p>\n","protected":false},"author":1,"featured_media":0,"comment_status":"open","ping_status":"open","sticky":false,"template":"","format":"standard","meta":{"footnotes":""},"categories":[1],"tags":[],"class_list":["post-2129","post","type-post","status-publish","format-standard","hentry","category-sin-categorizar"],"aioseo_notices":[],"acf":[],"_links":{"self":[{"href":"https:\/\/vicaria6.bizkeliza.net\/index.php?rest_route=\/wp\/v2\/posts\/2129","targetHints":{"allow":["GET"]}}],"collection":[{"href":"https:\/\/vicaria6.bizkeliza.net\/index.php?rest_route=\/wp\/v2\/posts"}],"about":[{"href":"https:\/\/vicaria6.bizkeliza.net\/index.php?rest_route=\/wp\/v2\/types\/post"}],"author":[{"embeddable":true,"href":"https:\/\/vicaria6.bizkeliza.net\/index.php?rest_route=\/wp\/v2\/users\/1"}],"replies":[{"embeddable":true,"href":"https:\/\/vicaria6.bizkeliza.net\/index.php?rest_route=%2Fwp%2Fv2%2Fcomments&post=2129"}],"version-history":[{"count":3,"href":"https:\/\/vicaria6.bizkeliza.net\/index.php?rest_route=\/wp\/v2\/posts\/2129\/revisions"}],"predecessor-version":[{"id":2132,"href":"https:\/\/vicaria6.bizkeliza.net\/index.php?rest_route=\/wp\/v2\/posts\/2129\/revisions\/2132"}],"wp:attachment":[{"href":"https:\/\/vicaria6.bizkeliza.net\/index.php?rest_route=%2Fwp%2Fv2%2Fmedia&parent=2129"}],"wp:term":[{"taxonomy":"category","embeddable":true,"href":"https:\/\/vicaria6.bizkeliza.net\/index.php?rest_route=%2Fwp%2Fv2%2Fcategories&post=2129"},{"taxonomy":"post_tag","embeddable":true,"href":"https:\/\/vicaria6.bizkeliza.net\/index.php?rest_route=%2Fwp%2Fv2%2Ftags&post=2129"}],"curies":[{"name":"wp","href":"https:\/\/api.w.org\/{rel}","templated":true}]}}