{"id":2717,"date":"2020-11-10T07:16:54","date_gmt":"2020-11-10T07:16:54","guid":{"rendered":"https:\/\/vicaria6.bizkeliza.net\/?p=2717"},"modified":"2020-11-10T07:20:34","modified_gmt":"2020-11-10T07:20:34","slug":"un-dia-para-la-memoria","status":"publish","type":"post","link":"https:\/\/vicaria6.bizkeliza.net\/?p=2717","title":{"rendered":"UN DIA PARA LA MEMORIA"},"content":{"rendered":"<pre><span style=\"color: #ff6600;\"><strong>Desde Erandio.-<\/strong><\/span><\/pre>\n<h2 style=\"text-align: center;\"><span style=\"color: #0000ff;\">\u00a0 \u00a0TESTIMONIOS ENCARNADOS EN EL D\u00cdA DE LA MEMORIA<\/span><\/h2>\n<h2 style=\"text-align: center;\"><span style=\"color: #0000ff;\">-10 Noviembre<\/span><\/h2>\n<p>Hoy el \u00e1rea de Paz y Reconciliaci\u00f3n de la Di\u00f3cesis participar\u00e1 en la <strong>jornada organizada por el ayuntamiento de Bilbao en recuerdo a las v\u00edctimas, a las 12 h. en Azkuna Zentroa.<\/strong> Intervendr\u00e1 el responsable del \u00e1mbito diocesano, Galo Bilbao, y acudir\u00e1 tambi\u00e9n el anterior vicario general y miembro del foro Bilbao por la Paz y la Convivencia, \u00c1ngel Mari Unzueta. El acto se podr\u00e1 seguir por \u00a0\u00a0 <strong><a href=\"https:\/\/www.bilbao.eus\/cs\/Satellite?c=Page&amp;cid=1272995550954&amp;language=es&amp;pageid=1272995550954&amp;pagename=Bilbaonet%2FPage%2FBIO_StreamingVideos\" target=\"_blank\" rel=\"noopener noreferrer\">streaming.<\/a><\/strong><\/p>\n<p>En el a\u00f1o 2017 ech\u00f3 a andar el grupo de paz y reconciliaci\u00f3n de Erandio. Aunque comenzaron seis personas junto al presb\u00edtero Manu de las Fuentes, el grupo se ha reducido &#8220;<em>porque\u00a0no es f\u00e1cil sacar todo lo que llevamos dentro y esto te rompe<\/em>&#8220;, reconoce Pilar Garc\u00eda.\u00a0<strong>Ella y Covadonga Mart\u00ednez junto con Manu y la ayuda del responsable del \u00e1mbito diocesano, Galo Bilbao<\/strong>, siguen reuni\u00e9ndose y organizando diversas acciones para dar algunos pasos en el dif\u00edcil camino de la reconciliaci\u00f3n. &#8220;<strong><em>A\u00fan queda mucho por hacer<\/em><\/strong>&#8220;, reconocen. &#8220;<strong><em>Yo me hab\u00eda cruzado muchas veces con la madre de Fabio por la calle y no fui capaz de hablar y llorar con ella por el asesinato de su hijo<\/em><\/strong>&#8220;. 28 a\u00f1os m\u00e1s tarde,\u00a0<strong>Pilar tom\u00f3 un caf\u00e9 con ella<\/strong>\u00a0y le impact\u00f3 su reacci\u00f3n\u00a0<strong>&#8220;<em>dice que nadie le tiene que pedir perd\u00f3n<\/em><\/strong>&#8221; y &#8220;<em>escuchar eso de una madre a quien han asesinado a su hijo, te remueve&#8221;.<\/em><\/p>\n<p>Covadonga, hija y hermana de guardias civiles lo ha pasado mal y &#8220;<em>aunque todav\u00eda hay mucho por andar<\/em>&#8220;, este grupo le ha echo abrir la mirada y ver que lo que le une a otras personas es el\u00a0<em>&#8220;dolor<\/em>&#8220;. Desde ah\u00ed se puede hablar con quien no piensa como uno mismo, pero\u00a0<em>&#8220;para eso hay que mover muchas cosas internas<\/em>&#8220;, se\u00f1alan.\u00a0<strong>Animan a otras parroquias a que formen grupos para ir dando pasos para intentar cerrar muchas heridas que a\u00fan contin\u00faan abiertas.\u00a0<\/strong><\/p>\n<p><iframe title=\"D\u00eda de la Memoria 2020\" width=\"960\" height=\"540\" src=\"https:\/\/www.youtube.com\/embed\/9wChdXP2EDI?feature=oembed\" frameborder=\"0\" allow=\"accelerometer; autoplay; clipboard-write; encrypted-media; gyroscope; picture-in-picture\" allowfullscreen><\/iframe><\/p>\n<h2 style=\"text-align: center;\">La memoria en voces de j\u00f3venes<\/h2>\n<p><iframe title=\"Di\u0301a de la Memoria_Gogora proiektua\" width=\"960\" height=\"540\" src=\"https:\/\/www.youtube.com\/embed\/zC5CcOHr3DY?feature=oembed\" frameborder=\"0\" allow=\"accelerometer; autoplay; clipboard-write; encrypted-media; gyroscope; picture-in-picture\" allowfullscreen><\/iframe><\/p>\n","protected":false},"excerpt":{"rendered":"<p>Desde Erandio.- \u00a0 \u00a0TESTIMONIOS ENCARNADOS EN EL D\u00cdA DE LA MEMORIA -10 Noviembre Hoy el \u00e1rea de Paz y Reconciliaci\u00f3n de la Di\u00f3cesis participar\u00e1 en la jornada organizada por el ayuntamiento de Bilbao en recuerdo a las v\u00edctimas, a las 12 h. en Azkuna Zentroa. Intervendr\u00e1 el responsable del \u00e1mbito diocesano, Galo Bilbao, y acudir\u00e1 tambi\u00e9n el anterior vicario general y miembro del foro Bilbao por la Paz y la Convivencia, \u00c1ngel Mari Unzueta. El acto se podr\u00e1 seguir por \u00a0\u00a0 streaming. En el a\u00f1o 2017 ech\u00f3 a andar el grupo de paz y reconciliaci\u00f3n de Erandio. Aunque comenzaron seis personas junto al presb\u00edtero Manu de las Fuentes, el grupo se ha reducido &#8220;porque\u00a0no es f\u00e1cil sacar todo lo que llevamos dentro y esto te rompe&#8220;, reconoce Pilar Garc\u00eda.\u00a0Ella y Covadonga Mart\u00ednez junto con Manu y la ayuda del responsable del \u00e1mbito diocesano, Galo Bilbao, siguen reuni\u00e9ndose y organizando diversas acciones para dar algunos pasos en el dif\u00edcil camino de la reconciliaci\u00f3n. &#8220;A\u00fan queda mucho por hacer&#8220;, reconocen. &#8220;Yo me hab\u00eda cruzado muchas veces con la madre de Fabio por la calle y no fui capaz de hablar y llorar con ella por el asesinato de su hijo&#8220;. 28 a\u00f1os m\u00e1s tarde,\u00a0Pilar tom\u00f3 un caf\u00e9 con ella\u00a0y le impact\u00f3 su reacci\u00f3n\u00a0&#8220;dice que nadie le tiene que pedir perd\u00f3n&#8221; y &#8220;escuchar eso de una madre a quien han asesinado a su hijo, te remueve&#8221;. Covadonga, hija y hermana de guardias civiles lo ha pasado mal y &#8220;aunque todav\u00eda hay mucho por andar&#8220;, este grupo le ha echo abrir la mirada y ver que lo que le une a otras personas es el\u00a0&#8220;dolor&#8220;. Desde ah\u00ed se puede hablar con quien no piensa como uno mismo, pero\u00a0&#8220;para eso hay que mover muchas cosas internas&#8220;, se\u00f1alan.\u00a0Animan a otras parroquias a que formen grupos para ir dando pasos para intentar cerrar muchas heridas que a\u00fan contin\u00faan abiertas.\u00a0 La memoria en voces de j\u00f3venes<\/p>\n","protected":false},"author":1,"featured_media":0,"comment_status":"open","ping_status":"open","sticky":false,"template":"","format":"standard","meta":{"footnotes":""},"categories":[54],"tags":[],"class_list":["post-2717","post","type-post","status-publish","format-standard","hentry","category-caridad-y-justicia"],"aioseo_notices":[],"acf":[],"_links":{"self":[{"href":"https:\/\/vicaria6.bizkeliza.net\/index.php?rest_route=\/wp\/v2\/posts\/2717","targetHints":{"allow":["GET"]}}],"collection":[{"href":"https:\/\/vicaria6.bizkeliza.net\/index.php?rest_route=\/wp\/v2\/posts"}],"about":[{"href":"https:\/\/vicaria6.bizkeliza.net\/index.php?rest_route=\/wp\/v2\/types\/post"}],"author":[{"embeddable":true,"href":"https:\/\/vicaria6.bizkeliza.net\/index.php?rest_route=\/wp\/v2\/users\/1"}],"replies":[{"embeddable":true,"href":"https:\/\/vicaria6.bizkeliza.net\/index.php?rest_route=%2Fwp%2Fv2%2Fcomments&post=2717"}],"version-history":[{"count":5,"href":"https:\/\/vicaria6.bizkeliza.net\/index.php?rest_route=\/wp\/v2\/posts\/2717\/revisions"}],"predecessor-version":[{"id":2722,"href":"https:\/\/vicaria6.bizkeliza.net\/index.php?rest_route=\/wp\/v2\/posts\/2717\/revisions\/2722"}],"wp:attachment":[{"href":"https:\/\/vicaria6.bizkeliza.net\/index.php?rest_route=%2Fwp%2Fv2%2Fmedia&parent=2717"}],"wp:term":[{"taxonomy":"category","embeddable":true,"href":"https:\/\/vicaria6.bizkeliza.net\/index.php?rest_route=%2Fwp%2Fv2%2Fcategories&post=2717"},{"taxonomy":"post_tag","embeddable":true,"href":"https:\/\/vicaria6.bizkeliza.net\/index.php?rest_route=%2Fwp%2Fv2%2Ftags&post=2717"}],"curies":[{"name":"wp","href":"https:\/\/api.w.org\/{rel}","templated":true}]}}