{"id":2723,"date":"2020-11-10T08:04:45","date_gmt":"2020-11-10T08:04:45","guid":{"rendered":"https:\/\/vicaria6.bizkeliza.net\/?p=2723"},"modified":"2020-11-10T08:04:45","modified_gmt":"2020-11-10T08:04:45","slug":"alberto-cortina-habla-desde-la-etica-aplicada-en-referencia-a-la-inteligencia-artificial-i-a","status":"publish","type":"post","link":"https:\/\/vicaria6.bizkeliza.net\/?p=2723","title":{"rendered":"Alberto Cortina habla desde la \u00e9tica aplicada en referencia a la Inteligencia Artificial I.A."},"content":{"rendered":"<p>Seg\u00fan Cortina, este campo de la inform\u00e1tica y la tecnolog\u00eda, que inunda crecientemente la vida cotidiana, a\u00fan est\u00e1 en ciernes, \u201ccomo un ni\u00f1o de tres o cuatro a\u00f1os al que tenemos que implementarle valores\u201d. En esta entrevista, explica que esto exige la elaboraci\u00f3n de una \u00e9tica y una regulaci\u00f3n favorable a que la Inteligencia Artificial se desarrolle para el bien com\u00fan.<\/p>\n<p>El abogado y urbanista espa\u00f1ol, experto en \u00e9tica aplicada a las tecnolog\u00edas emergentes, profundiza en el llamado del Papa Francisco para hacer un buen uso de los avances en esta materia.<\/p>\n<p>&nbsp;<\/p>\n<p><iframe title=\"Entrevista sobre la Inteligencia Artificial a Albert Cortina, experto en \u00e9tica de tecnolog\u00edas.\" width=\"960\" height=\"540\" src=\"https:\/\/www.youtube.com\/embed\/gTmtoYd2Hgg?feature=oembed\" frameborder=\"0\" allow=\"accelerometer; autoplay; clipboard-write; encrypted-media; gyroscope; picture-in-picture\" allowfullscreen><\/iframe><\/p>\n","protected":false},"excerpt":{"rendered":"<p>Seg\u00fan Cortina, este campo de la inform\u00e1tica y la tecnolog\u00eda, que inunda crecientemente la vida cotidiana, a\u00fan est\u00e1 en ciernes, \u201ccomo un ni\u00f1o de tres o cuatro a\u00f1os al que tenemos que implementarle valores\u201d. En esta entrevista, explica que esto exige la elaboraci\u00f3n de una \u00e9tica y una regulaci\u00f3n favorable a que la Inteligencia Artificial se desarrolle para el bien com\u00fan. El abogado y urbanista espa\u00f1ol, experto en \u00e9tica aplicada a las tecnolog\u00edas emergentes, profundiza en el llamado del Papa Francisco para hacer un buen uso de los avances en esta materia. &nbsp;<\/p>\n","protected":false},"author":1,"featured_media":0,"comment_status":"open","ping_status":"open","sticky":false,"template":"","format":"standard","meta":{"footnotes":""},"categories":[54],"tags":[],"class_list":["post-2723","post","type-post","status-publish","format-standard","hentry","category-caridad-y-justicia"],"aioseo_notices":[],"acf":[],"_links":{"self":[{"href":"https:\/\/vicaria6.bizkeliza.net\/index.php?rest_route=\/wp\/v2\/posts\/2723","targetHints":{"allow":["GET"]}}],"collection":[{"href":"https:\/\/vicaria6.bizkeliza.net\/index.php?rest_route=\/wp\/v2\/posts"}],"about":[{"href":"https:\/\/vicaria6.bizkeliza.net\/index.php?rest_route=\/wp\/v2\/types\/post"}],"author":[{"embeddable":true,"href":"https:\/\/vicaria6.bizkeliza.net\/index.php?rest_route=\/wp\/v2\/users\/1"}],"replies":[{"embeddable":true,"href":"https:\/\/vicaria6.bizkeliza.net\/index.php?rest_route=%2Fwp%2Fv2%2Fcomments&post=2723"}],"version-history":[{"count":1,"href":"https:\/\/vicaria6.bizkeliza.net\/index.php?rest_route=\/wp\/v2\/posts\/2723\/revisions"}],"predecessor-version":[{"id":2724,"href":"https:\/\/vicaria6.bizkeliza.net\/index.php?rest_route=\/wp\/v2\/posts\/2723\/revisions\/2724"}],"wp:attachment":[{"href":"https:\/\/vicaria6.bizkeliza.net\/index.php?rest_route=%2Fwp%2Fv2%2Fmedia&parent=2723"}],"wp:term":[{"taxonomy":"category","embeddable":true,"href":"https:\/\/vicaria6.bizkeliza.net\/index.php?rest_route=%2Fwp%2Fv2%2Fcategories&post=2723"},{"taxonomy":"post_tag","embeddable":true,"href":"https:\/\/vicaria6.bizkeliza.net\/index.php?rest_route=%2Fwp%2Fv2%2Ftags&post=2723"}],"curies":[{"name":"wp","href":"https:\/\/api.w.org\/{rel}","templated":true}]}}