{"id":2749,"date":"2020-11-11T08:13:40","date_gmt":"2020-11-11T08:13:40","guid":{"rendered":"https:\/\/vicaria6.bizkeliza.net\/?p=2749"},"modified":"2020-11-11T08:13:40","modified_gmt":"2020-11-11T08:13:40","slug":"necesitamos-formarnos","status":"publish","type":"post","link":"https:\/\/vicaria6.bizkeliza.net\/?p=2749","title":{"rendered":"Necesitamos formarnos"},"content":{"rendered":"<p>La formaci\u00f3n siempre ha sido un aspecto clave en nuestras comunidades e instituciones, el conocimiento no ayuda a la pregunta y tambien a encontrar respuestas o al menos a colocar las cosas en su sitio, como se de un gran armario se tratase.<\/p>\n<p>En este tiempo de incertidumbre son muchas las preguntas que nos asolan, la formaci\u00f3n es una propuesta interesante. El Instituto Diocesano de Teolog\u00eda y Pastoral sigue apostando por acompa\u00f1ar y formar a laicos y laicas, miembros de las comunidadades.<\/p>\n<p>&nbsp;<\/p>\n<p><a href=\"https:\/\/vicaria6.bizkeliza.net\/wp-content\/uploads\/2020\/11\/pincha-aqui-263x300-1.png\"><img decoding=\"async\" class=\"wp-image-2750 alignleft\" src=\"https:\/\/vicaria6.bizkeliza.net\/wp-content\/uploads\/2020\/11\/pincha-aqui-263x300-1.png\" alt=\"HAZ CLIC AQU\u00cd\" width=\"149\" height=\"170\" \/><\/a><\/p>\n<p>&nbsp;<\/p>\n<p>Os ofrecemos su <strong><a href=\"https:\/\/idtp.org\/wp-content\/uploads\/2019\/07\/Programa-IDTP-2019-20_Bilbao.pdf\"><span style=\"color: #993300;\">PROGRAMA PARA ESTE CURSO<\/span><\/a>.<\/strong><\/p>\n","protected":false},"excerpt":{"rendered":"<p>La formaci\u00f3n siempre ha sido un aspecto clave en nuestras comunidades e instituciones, el conocimiento no ayuda a la pregunta y tambien a encontrar respuestas o al menos a colocar las cosas en su sitio, como se de un gran armario se tratase. En este tiempo de incertidumbre son muchas las preguntas que nos asolan, la formaci\u00f3n es una propuesta interesante. El Instituto Diocesano de Teolog\u00eda y Pastoral sigue apostando por acompa\u00f1ar y formar a laicos y laicas, miembros de las comunidadades. &nbsp; &nbsp; Os ofrecemos su PROGRAMA PARA ESTE CURSO.<\/p>\n","protected":false},"author":1,"featured_media":0,"comment_status":"open","ping_status":"open","sticky":false,"template":"","format":"standard","meta":{"footnotes":""},"categories":[1],"tags":[],"class_list":["post-2749","post","type-post","status-publish","format-standard","hentry","category-sin-categorizar"],"aioseo_notices":[],"acf":[],"_links":{"self":[{"href":"https:\/\/vicaria6.bizkeliza.net\/index.php?rest_route=\/wp\/v2\/posts\/2749","targetHints":{"allow":["GET"]}}],"collection":[{"href":"https:\/\/vicaria6.bizkeliza.net\/index.php?rest_route=\/wp\/v2\/posts"}],"about":[{"href":"https:\/\/vicaria6.bizkeliza.net\/index.php?rest_route=\/wp\/v2\/types\/post"}],"author":[{"embeddable":true,"href":"https:\/\/vicaria6.bizkeliza.net\/index.php?rest_route=\/wp\/v2\/users\/1"}],"replies":[{"embeddable":true,"href":"https:\/\/vicaria6.bizkeliza.net\/index.php?rest_route=%2Fwp%2Fv2%2Fcomments&post=2749"}],"version-history":[{"count":1,"href":"https:\/\/vicaria6.bizkeliza.net\/index.php?rest_route=\/wp\/v2\/posts\/2749\/revisions"}],"predecessor-version":[{"id":2752,"href":"https:\/\/vicaria6.bizkeliza.net\/index.php?rest_route=\/wp\/v2\/posts\/2749\/revisions\/2752"}],"wp:attachment":[{"href":"https:\/\/vicaria6.bizkeliza.net\/index.php?rest_route=%2Fwp%2Fv2%2Fmedia&parent=2749"}],"wp:term":[{"taxonomy":"category","embeddable":true,"href":"https:\/\/vicaria6.bizkeliza.net\/index.php?rest_route=%2Fwp%2Fv2%2Fcategories&post=2749"},{"taxonomy":"post_tag","embeddable":true,"href":"https:\/\/vicaria6.bizkeliza.net\/index.php?rest_route=%2Fwp%2Fv2%2Ftags&post=2749"}],"curies":[{"name":"wp","href":"https:\/\/api.w.org\/{rel}","templated":true}]}}