{"id":3222,"date":"2020-12-21T11:24:05","date_gmt":"2020-12-21T11:24:05","guid":{"rendered":"https:\/\/vicaria6.bizkeliza.net\/?p=3222"},"modified":"2020-12-21T13:06:30","modified_gmt":"2020-12-21T13:06:30","slug":"de-que-podriamos-haber-hablado-entonces-en-esta-conversacion-que-no-ha-habido-sobre-la-eutanasia","status":"publish","type":"post","link":"https:\/\/vicaria6.bizkeliza.net\/?p=3222","title":{"rendered":"\u00bfDe qu\u00e9 podr\u00edamos haber hablado entonces, en esta conversaci\u00f3n que no ha habido sobre la eutanasia?"},"content":{"rendered":"<h2>ECOS DE PUBLICACIONES EN LA RED<\/h2>\n<p>Queremos hacernos eco de la sugerente aportaci\u00f3n del religioso <strong>J.M. Rodr\u00edguez Olaizola<\/strong> publicada en Pastoral SJ entorno a la eutanas\u00eda<\/p>\n<p style=\"text-align: center;\"><span style=\"color: #ff9900;\"><a style=\"color: #ff9900;\" href=\"https:\/\/pastoralsj.org\/vivir\/3002-la-conversacion-que-nunca-tuvimos\">La conversaci\u00f3n que nunca tuvimos<\/a><\/span><\/p>\n<p>Asi tambien sumamos a esta reflexi\u00f3n lo publicado por <strong>Xiskya Valladares<\/strong>,religiosa de la congregaci\u00f3n Pureza de Mar\u00eda, conocida como la &#8220;monja tuitera&#8221;\u00a0 \u00a0en el blog de Escuelas Cat\u00f3licas\u00a0 que se se pregunta si podemos elegir morir.<\/p>\n<blockquote class=\"wp-embedded-content\" data-secret=\"yYNh8gG41a\"><p><a href=\"https:\/\/www.blogec.es\/podemos-elegir-morir\/\">\u00bfPodemos elegir morir?<\/a><\/p><\/blockquote>\n<p><iframe class=\"wp-embedded-content\" sandbox=\"allow-scripts\" security=\"restricted\" style=\"position: absolute; clip: rect(1px, 1px, 1px, 1px);\" title=\"&#171;\u00bfPodemos elegir morir?&#187; &#8212; Blog de Escuelas Cat\u00f3licas\" src=\"https:\/\/www.blogec.es\/podemos-elegir-morir\/embed\/#?secret=yYNh8gG41a\" data-secret=\"yYNh8gG41a\" width=\"600\" height=\"338\" frameborder=\"0\" marginwidth=\"0\" marginheight=\"0\" scrolling=\"no\"><\/iframe><\/p>\n","protected":false},"excerpt":{"rendered":"<p>ECOS DE PUBLICACIONES EN LA RED Queremos hacernos eco de la sugerente aportaci\u00f3n del religioso J.M. Rodr\u00edguez Olaizola publicada en Pastoral SJ entorno a la eutanas\u00eda La conversaci\u00f3n que nunca tuvimos Asi tambien sumamos a esta reflexi\u00f3n lo publicado por Xiskya Valladares,religiosa de la congregaci\u00f3n Pureza de Mar\u00eda, conocida como la &#8220;monja tuitera&#8221;\u00a0 \u00a0en el blog de Escuelas Cat\u00f3licas\u00a0 que se se pregunta si podemos elegir morir.<\/p>\n","protected":false},"author":1,"featured_media":0,"comment_status":"open","ping_status":"open","sticky":false,"template":"","format":"standard","meta":{"footnotes":""},"categories":[67],"tags":[],"class_list":["post-3222","post","type-post","status-publish","format-standard","hentry","category-ecos-en-la-red"],"aioseo_notices":[],"acf":[],"_links":{"self":[{"href":"https:\/\/vicaria6.bizkeliza.net\/index.php?rest_route=\/wp\/v2\/posts\/3222","targetHints":{"allow":["GET"]}}],"collection":[{"href":"https:\/\/vicaria6.bizkeliza.net\/index.php?rest_route=\/wp\/v2\/posts"}],"about":[{"href":"https:\/\/vicaria6.bizkeliza.net\/index.php?rest_route=\/wp\/v2\/types\/post"}],"author":[{"embeddable":true,"href":"https:\/\/vicaria6.bizkeliza.net\/index.php?rest_route=\/wp\/v2\/users\/1"}],"replies":[{"embeddable":true,"href":"https:\/\/vicaria6.bizkeliza.net\/index.php?rest_route=%2Fwp%2Fv2%2Fcomments&post=3222"}],"version-history":[{"count":3,"href":"https:\/\/vicaria6.bizkeliza.net\/index.php?rest_route=\/wp\/v2\/posts\/3222\/revisions"}],"predecessor-version":[{"id":3227,"href":"https:\/\/vicaria6.bizkeliza.net\/index.php?rest_route=\/wp\/v2\/posts\/3222\/revisions\/3227"}],"wp:attachment":[{"href":"https:\/\/vicaria6.bizkeliza.net\/index.php?rest_route=%2Fwp%2Fv2%2Fmedia&parent=3222"}],"wp:term":[{"taxonomy":"category","embeddable":true,"href":"https:\/\/vicaria6.bizkeliza.net\/index.php?rest_route=%2Fwp%2Fv2%2Fcategories&post=3222"},{"taxonomy":"post_tag","embeddable":true,"href":"https:\/\/vicaria6.bizkeliza.net\/index.php?rest_route=%2Fwp%2Fv2%2Ftags&post=3222"}],"curies":[{"name":"wp","href":"https:\/\/api.w.org\/{rel}","templated":true}]}}