{"id":3574,"date":"2021-02-17T07:34:35","date_gmt":"2021-02-17T07:34:35","guid":{"rendered":"https:\/\/vicaria6.bizkeliza.net\/?p=3574"},"modified":"2021-02-17T07:35:07","modified_gmt":"2021-02-17T07:35:07","slug":"adiskide-eta-senide-comunidades-acogedoras-recursos-para-la-pastoral-y-la-liturgia-diocesis-bilbao","status":"publish","type":"post","link":"https:\/\/vicaria6.bizkeliza.net\/?p=3574","title":{"rendered":"&#8220;ADISKIDE ETA SENIDE \/ COMUNIDADES ACOGEDORAS&#8221;- RECURSOS PARA LA PASTORAL Y LA LITURGIA- DIOCESIS BILBAO"},"content":{"rendered":"<pre><a href=\"https:\/\/vicaria6.bizkeliza.net\/wp-content\/uploads\/2021\/02\/Comunidades-Acogedoras-Adiskide_eta_Senide__2_1-256x300-1.jpg\"><img decoding=\"async\" class=\"size-thumbnail wp-image-3570 alignleft\" src=\"https:\/\/vicaria6.bizkeliza.net\/wp-content\/uploads\/2021\/02\/Comunidades-Acogedoras-Adiskide_eta_Senide__2_1-256x300-1-150x150.jpg\" alt=\"comunidades acogedoras\" width=\"150\" height=\"150\" srcset=\"https:\/\/vicaria6.bizkeliza.net\/wp-content\/uploads\/2021\/02\/Comunidades-Acogedoras-Adiskide_eta_Senide__2_1-256x300-1-150x150.jpg 150w, https:\/\/vicaria6.bizkeliza.net\/wp-content\/uploads\/2021\/02\/Comunidades-Acogedoras-Adiskide_eta_Senide__2_1-256x300-1-100x100.jpg 100w, https:\/\/vicaria6.bizkeliza.net\/wp-content\/uploads\/2021\/02\/Comunidades-Acogedoras-Adiskide_eta_Senide__2_1-256x300-1-75x75.jpg 75w\" sizes=\"(max-width: 150px) 100vw, 150px\" \/><\/a>\r\n<strong><span style=\"color: #800080;\">\"ADISKIDE ETA SENIDE \/ COMUNIDADES ACOGEDORAS\"<\/span><\/strong> es el lema, mejor dicho,\r\nla tarea que nuestra Iglesia se ha propuesto para esta cuaresma de 2021, siguiendo la\r\ninvitaci\u00f3n del papa Francisco en su enc\u00edclica \u201cFratelli tutti\u201d. Todas y todos estamos\r\ninvitadas a ello; tambi\u00e9n en casa, las familias. Esta es la propuesta que os\r\npresentamos.\r\nSe trata de actualizar la llamada de Jes\u00fas a la construcci\u00f3n de la fraternidad en\r\nnuestra vida cotidiana de peque\u00f1os, mayores\u2026 en familia. Descubriendo qu\u00e9\r\nsignifica la palabra acoger; identificando situaciones de nuestra vida cotidiana en la\r\nque acogemos y en la que no; expresando c\u00f3mo nos sentimos en esas situaciones y\r\nse\u00f1alando alg\u00fan aspecto, comportamiento, actitud que vamos a iniciar para avanzar,\r\npara hacer realidad la acogida, el ser acogedores como Jes\u00fas.\r\nPara ello, desde la Di\u00f3cesis de Bilbao se nos ofrecen a continuaci\u00f3n varias propuestas que podemos realizar en\r\nfamilia, mayores y peque\u00f1os a lo largo de la cuaresma (del 17 de febrero, mi\u00e9rcoles\r\nde ceniza, hasta el 28 de marzo, domingo de Ramos). Encontrar\u00e1s sesiones para catequesis en la parroquia y en familia, recursos lit\u00fargicos, charlas cuaresmales...\r\nAccede a todo ello a trav\u00e9s de este <span style=\"color: #800080;\"><strong><a style=\"color: #800080;\" href=\"https:\/\/zuzenean.bizkeliza.net\/comunidadesacogedoras\/\">ENLACE<\/a><\/strong><\/span>\r\n\r\n<\/pre>\n<p>&nbsp;<\/p>\n","protected":false},"excerpt":{"rendered":"<p>&#8220;ADISKIDE ETA SENIDE \/ COMUNIDADES ACOGEDORAS&#8221; es el lema, mejor dicho, la tarea que nuestra Iglesia se ha propuesto para esta cuaresma de 2021, siguiendo la invitaci\u00f3n del papa Francisco en su enc\u00edclica \u201cFratelli tutti\u201d. Todas y todos estamos invitadas a ello; tambi\u00e9n en casa, las familias. Esta es la propuesta que os presentamos. Se trata de actualizar la llamada de Jes\u00fas a la construcci\u00f3n de la fraternidad en nuestra vida cotidiana de peque\u00f1os, mayores\u2026 en familia. Descubriendo qu\u00e9 significa la palabra acoger; identificando situaciones de nuestra vida cotidiana en la que acogemos y en la que no; expresando c\u00f3mo nos sentimos en esas situaciones y se\u00f1alando alg\u00fan aspecto, comportamiento, actitud que vamos a iniciar para avanzar, para hacer realidad la acogida, el ser acogedores como Jes\u00fas. Para ello, desde la Di\u00f3cesis de Bilbao se nos ofrecen a continuaci\u00f3n varias propuestas que podemos realizar en familia, mayores y peque\u00f1os a lo largo de la cuaresma (del 17 de febrero, mi\u00e9rcoles de ceniza, hasta el 28 de marzo, domingo de Ramos). Encontrar\u00e1s sesiones para catequesis en la parroquia y en familia, recursos lit\u00fargicos, charlas cuaresmales&#8230; Accede a todo ello a trav\u00e9s de este ENLACE &nbsp;<\/p>\n","protected":false},"author":1,"featured_media":0,"comment_status":"open","ping_status":"open","sticky":false,"template":"","format":"standard","meta":{"footnotes":""},"categories":[1,73,62],"tags":[],"class_list":["post-3574","post","type-post","status-publish","format-standard","hentry","category-sin-categorizar","category-cuaresma-garizima","category-recursos"],"aioseo_notices":[],"acf":[],"_links":{"self":[{"href":"https:\/\/vicaria6.bizkeliza.net\/index.php?rest_route=\/wp\/v2\/posts\/3574","targetHints":{"allow":["GET"]}}],"collection":[{"href":"https:\/\/vicaria6.bizkeliza.net\/index.php?rest_route=\/wp\/v2\/posts"}],"about":[{"href":"https:\/\/vicaria6.bizkeliza.net\/index.php?rest_route=\/wp\/v2\/types\/post"}],"author":[{"embeddable":true,"href":"https:\/\/vicaria6.bizkeliza.net\/index.php?rest_route=\/wp\/v2\/users\/1"}],"replies":[{"embeddable":true,"href":"https:\/\/vicaria6.bizkeliza.net\/index.php?rest_route=%2Fwp%2Fv2%2Fcomments&post=3574"}],"version-history":[{"count":2,"href":"https:\/\/vicaria6.bizkeliza.net\/index.php?rest_route=\/wp\/v2\/posts\/3574\/revisions"}],"predecessor-version":[{"id":3576,"href":"https:\/\/vicaria6.bizkeliza.net\/index.php?rest_route=\/wp\/v2\/posts\/3574\/revisions\/3576"}],"wp:attachment":[{"href":"https:\/\/vicaria6.bizkeliza.net\/index.php?rest_route=%2Fwp%2Fv2%2Fmedia&parent=3574"}],"wp:term":[{"taxonomy":"category","embeddable":true,"href":"https:\/\/vicaria6.bizkeliza.net\/index.php?rest_route=%2Fwp%2Fv2%2Fcategories&post=3574"},{"taxonomy":"post_tag","embeddable":true,"href":"https:\/\/vicaria6.bizkeliza.net\/index.php?rest_route=%2Fwp%2Fv2%2Ftags&post=3574"}],"curies":[{"name":"wp","href":"https:\/\/api.w.org\/{rel}","templated":true}]}}