{"id":4013,"date":"2021-05-04T08:33:56","date_gmt":"2021-05-04T08:33:56","guid":{"rendered":"https:\/\/vicaria6.bizkeliza.net\/?p=4013"},"modified":"2021-05-04T08:39:29","modified_gmt":"2021-05-04T08:39:29","slug":"celebrando-la-eucaristia-en-el-centro-de-dia-con-cercania-en-la-distancia","status":"publish","type":"post","link":"https:\/\/vicaria6.bizkeliza.net\/?p=4013","title":{"rendered":"Celebrando la eucarist\u00eda en el Centro de D\u00eda con cercan\u00eda en la distancia"},"content":{"rendered":"<h2 style=\"text-align: center;\"><em><span style=\"color: #ff0000;\"><strong>CERCA EN LA DISTANCIA<\/strong><\/span><\/em><\/h2>\n<p>Cada mi\u00e9rcoles a las 11h el sacerdote <strong>Ignacio Fernandez<\/strong>, vicario en funciones\u00a0 de la Vicaria VI celebra la eucaristia con las personas que acuden al Centro de D\u00eda de mayores de los municipios de Leioa y Las Arenas.<\/p>\n<p><a href=\"https:\/\/vicaria6.bizkeliza.net\/wp-content\/uploads\/2021\/05\/WhatsApp-Image-2021-04-28-at-12.16.02.jpeg\"><img fetchpriority=\"high\" decoding=\"async\" class=\"wp-image-4014 alignleft\" src=\"https:\/\/vicaria6.bizkeliza.net\/wp-content\/uploads\/2021\/05\/WhatsApp-Image-2021-04-28-at-12.16.02.jpeg\" alt=\"CELEBRANDO EN LA DISTANCIA\" width=\"501\" height=\"376\" srcset=\"https:\/\/vicaria6.bizkeliza.net\/wp-content\/uploads\/2021\/05\/WhatsApp-Image-2021-04-28-at-12.16.02.jpeg 1600w, https:\/\/vicaria6.bizkeliza.net\/wp-content\/uploads\/2021\/05\/WhatsApp-Image-2021-04-28-at-12.16.02-300x225.jpeg 300w, https:\/\/vicaria6.bizkeliza.net\/wp-content\/uploads\/2021\/05\/WhatsApp-Image-2021-04-28-at-12.16.02-1024x768.jpeg 1024w, https:\/\/vicaria6.bizkeliza.net\/wp-content\/uploads\/2021\/05\/WhatsApp-Image-2021-04-28-at-12.16.02-768x576.jpeg 768w, https:\/\/vicaria6.bizkeliza.net\/wp-content\/uploads\/2021\/05\/WhatsApp-Image-2021-04-28-at-12.16.02-1536x1152.jpeg 1536w, https:\/\/vicaria6.bizkeliza.net\/wp-content\/uploads\/2021\/05\/WhatsApp-Image-2021-04-28-at-12.16.02-1140x855.jpeg 1140w\" sizes=\"(max-width: 501px) 100vw, 501px\" \/><\/a>Desde la parroquia de <strong>San Juan Bautista (Leioa- Bizkaia)<\/strong>, acompa\u00f1ado de dos o tres presonas de la comunidad, Ignacio ofrece con cercan\u00eda en la distancia el abrazo de Dios a quienes alli se convocan a trav\u00e9s de las pantallas en los Centros de D\u00eda.<\/p>\n<p>Esta<strong> situaci\u00f3n pand\u00e9mica<\/strong> ha impedido que Ignacio celebre la de\u00a0 la eucar\u00edstia que\u00a0 celebraba cada semana con las personas que acudi\u00e1n al Centro de D\u00eda de manera presencial. Sin embargo la oportunidad de hacer presente a Dios en la distancia telematicacmente\u00a0 no se ha querido desaprovechar. Una muestra de empe\u00f1o y\u00a0 creatividad a la que nos sentimos llamados a desarrollar en este tiempo. Se puede estar cerca en la distancia, como as\u00ed lo viven quienes all\u00ed se sienten convocados.<\/p>\n<p style=\"text-align: center;\"><span style=\"color: #000080;\"><em><strong>Oraci\u00f3n por los ancianos<\/strong><\/em><\/span><\/p>\n<p style=\"text-align: center;\"><span style=\"color: #000080;\"><em>A ti Dios m\u00edo elevo mi oraci\u00f3n, por todos los que se sienten agobiados\u00a0por el peso de los a\u00f1os,\u00a0tu amorosa presencia permiti\u00f3 que se prolongasen sus d\u00edas en la tierra.<\/em><\/span><\/p>\n<p style=\"text-align: center;\"><span style=\"color: #000080;\"><em>Dios m\u00edo, ellos miran para atr\u00e1s y ven todo el camino recorrido,\u00a0desde las travesuras de la infancia hasta la fragilidad del ahora.<\/em><\/span><\/p>\n<p style=\"text-align: center;\"><span style=\"color: #000080;\"><em>Retira Se\u00f1or toda la amargura de sus esp\u00edritus y que recuerden con preferencia los hechos agradables y felices.<\/em><\/span><\/p>\n<p style=\"text-align: center;\"><span style=\"color: #000080;\"><em>Borra cualquier se\u00f1al de resentimiento causado por la ingratitud y la maldad de los que alg\u00fan d\u00eda pasaron junto a ellos,<\/em><\/span><\/p>\n<p style=\"text-align: center;\"><span style=\"color: #000080;\"><em>alegra sus corazones ancianos, cansados y abatidos, dale los medios de revivir las alegr\u00edas de una vida normal y sociable,<\/em><\/span><\/p>\n<p style=\"text-align: center;\"><span style=\"color: #000080;\"><em>Dios m\u00edo ahuyenta los fantasmas de la soledad, del abandono y del desprecio.<\/em><\/span><\/p>\n<p style=\"text-align: center;\"><span style=\"color: #000080;\"><em>Rod\u00e9alos de amparo y calor humano en su diario vivir para que puedan mantener un \u00e1nimo bien dispuesto, abierto y feliz.<\/em><\/span><\/p>\n<p style=\"text-align: center;\"><span style=\"color: #000080;\"><em>Recompensa la disposici\u00f3n que demostraron, con la bendici\u00f3n de aquella paz que viene de ti y supera todas las limitaciones de la vejez.<\/em><\/span><\/p>\n<p style=\"text-align: center;\"><span style=\"color: #000080;\"><em>Am\u00e9n.<\/em><\/span><\/p>\n<div id='gallery-1' class='gallery galleryid-4013 gallery-columns-3 gallery-size-medium'><figure class='gallery-item'>\n\t\t\t<div class='gallery-icon landscape'>\n\t\t\t\t<a href='https:\/\/vicaria6.bizkeliza.net\/?attachment_id=4022'><img decoding=\"async\" width=\"300\" height=\"225\" src=\"https:\/\/vicaria6.bizkeliza.net\/wp-content\/uploads\/2021\/05\/WhatsApp-Image-2021-04-28-at-12.16.02-1-300x225.jpeg\" class=\"attachment-medium size-medium\" alt=\"\" aria-describedby=\"gallery-1-4022\" srcset=\"https:\/\/vicaria6.bizkeliza.net\/wp-content\/uploads\/2021\/05\/WhatsApp-Image-2021-04-28-at-12.16.02-1-300x225.jpeg 300w, https:\/\/vicaria6.bizkeliza.net\/wp-content\/uploads\/2021\/05\/WhatsApp-Image-2021-04-28-at-12.16.02-1-1024x768.jpeg 1024w, https:\/\/vicaria6.bizkeliza.net\/wp-content\/uploads\/2021\/05\/WhatsApp-Image-2021-04-28-at-12.16.02-1-768x576.jpeg 768w, https:\/\/vicaria6.bizkeliza.net\/wp-content\/uploads\/2021\/05\/WhatsApp-Image-2021-04-28-at-12.16.02-1-1536x1152.jpeg 1536w, https:\/\/vicaria6.bizkeliza.net\/wp-content\/uploads\/2021\/05\/WhatsApp-Image-2021-04-28-at-12.16.02-1-1140x855.jpeg 1140w, https:\/\/vicaria6.bizkeliza.net\/wp-content\/uploads\/2021\/05\/WhatsApp-Image-2021-04-28-at-12.16.02-1.jpeg 1600w\" sizes=\"(max-width: 300px) 100vw, 300px\" \/><\/a>\n\t\t\t<\/div>\n\t\t\t\t<figcaption class='wp-caption-text gallery-caption' id='gallery-1-4022'>\n\t\t\t\tCERCA EN LA DISTANCIA\n\t\t\t\t<\/figcaption><\/figure><figure class='gallery-item'>\n\t\t\t<div class='gallery-icon landscape'>\n\t\t\t\t<a href='https:\/\/vicaria6.bizkeliza.net\/?attachment_id=4020'><img decoding=\"async\" width=\"300\" height=\"225\" src=\"https:\/\/vicaria6.bizkeliza.net\/wp-content\/uploads\/2021\/05\/WhatsApp-Image-2021-04-28-at-12.16.40-300x225.jpeg\" class=\"attachment-medium size-medium\" alt=\"\" aria-describedby=\"gallery-1-4020\" srcset=\"https:\/\/vicaria6.bizkeliza.net\/wp-content\/uploads\/2021\/05\/WhatsApp-Image-2021-04-28-at-12.16.40-300x225.jpeg 300w, https:\/\/vicaria6.bizkeliza.net\/wp-content\/uploads\/2021\/05\/WhatsApp-Image-2021-04-28-at-12.16.40-1024x768.jpeg 1024w, https:\/\/vicaria6.bizkeliza.net\/wp-content\/uploads\/2021\/05\/WhatsApp-Image-2021-04-28-at-12.16.40-768x576.jpeg 768w, https:\/\/vicaria6.bizkeliza.net\/wp-content\/uploads\/2021\/05\/WhatsApp-Image-2021-04-28-at-12.16.40-1536x1152.jpeg 1536w, https:\/\/vicaria6.bizkeliza.net\/wp-content\/uploads\/2021\/05\/WhatsApp-Image-2021-04-28-at-12.16.40-1140x855.jpeg 1140w, https:\/\/vicaria6.bizkeliza.net\/wp-content\/uploads\/2021\/05\/WhatsApp-Image-2021-04-28-at-12.16.40.jpeg 1600w\" sizes=\"(max-width: 300px) 100vw, 300px\" \/><\/a>\n\t\t\t<\/div>\n\t\t\t\t<figcaption class='wp-caption-text gallery-caption' id='gallery-1-4020'>\n\t\t\t\tCELEBRAR -ORAR\n\t\t\t\t<\/figcaption><\/figure><figure class='gallery-item'>\n\t\t\t<div class='gallery-icon landscape'>\n\t\t\t\t<a href='https:\/\/vicaria6.bizkeliza.net\/?attachment_id=4018'><img loading=\"lazy\" decoding=\"async\" width=\"300\" height=\"225\" src=\"https:\/\/vicaria6.bizkeliza.net\/wp-content\/uploads\/2021\/05\/WhatsApp-Image-2021-04-28-at-12.16.42-300x225.jpeg\" class=\"attachment-medium size-medium\" alt=\"\" aria-describedby=\"gallery-1-4018\" srcset=\"https:\/\/vicaria6.bizkeliza.net\/wp-content\/uploads\/2021\/05\/WhatsApp-Image-2021-04-28-at-12.16.42-300x225.jpeg 300w, https:\/\/vicaria6.bizkeliza.net\/wp-content\/uploads\/2021\/05\/WhatsApp-Image-2021-04-28-at-12.16.42-1024x768.jpeg 1024w, https:\/\/vicaria6.bizkeliza.net\/wp-content\/uploads\/2021\/05\/WhatsApp-Image-2021-04-28-at-12.16.42-768x576.jpeg 768w, https:\/\/vicaria6.bizkeliza.net\/wp-content\/uploads\/2021\/05\/WhatsApp-Image-2021-04-28-at-12.16.42-1536x1152.jpeg 1536w, https:\/\/vicaria6.bizkeliza.net\/wp-content\/uploads\/2021\/05\/WhatsApp-Image-2021-04-28-at-12.16.42-1140x855.jpeg 1140w, https:\/\/vicaria6.bizkeliza.net\/wp-content\/uploads\/2021\/05\/WhatsApp-Image-2021-04-28-at-12.16.42.jpeg 1600w\" sizes=\"(max-width: 300px) 100vw, 300px\" \/><\/a>\n\t\t\t<\/div>\n\t\t\t\t<figcaption class='wp-caption-text gallery-caption' id='gallery-1-4018'>\n\t\t\t\tEN EL CENTRO DE DIA\n\t\t\t\t<\/figcaption><\/figure><figure class='gallery-item'>\n\t\t\t<div class='gallery-icon landscape'>\n\t\t\t\t<a href='https:\/\/vicaria6.bizkeliza.net\/?attachment_id=4016'><img loading=\"lazy\" decoding=\"async\" width=\"300\" height=\"225\" src=\"https:\/\/vicaria6.bizkeliza.net\/wp-content\/uploads\/2021\/05\/WhatsApp-Image-2021-04-28-at-12.16.42-1-300x225.jpeg\" class=\"attachment-medium size-medium\" alt=\"\" aria-describedby=\"gallery-1-4016\" srcset=\"https:\/\/vicaria6.bizkeliza.net\/wp-content\/uploads\/2021\/05\/WhatsApp-Image-2021-04-28-at-12.16.42-1-300x225.jpeg 300w, https:\/\/vicaria6.bizkeliza.net\/wp-content\/uploads\/2021\/05\/WhatsApp-Image-2021-04-28-at-12.16.42-1-1024x768.jpeg 1024w, https:\/\/vicaria6.bizkeliza.net\/wp-content\/uploads\/2021\/05\/WhatsApp-Image-2021-04-28-at-12.16.42-1-768x576.jpeg 768w, https:\/\/vicaria6.bizkeliza.net\/wp-content\/uploads\/2021\/05\/WhatsApp-Image-2021-04-28-at-12.16.42-1-1536x1152.jpeg 1536w, https:\/\/vicaria6.bizkeliza.net\/wp-content\/uploads\/2021\/05\/WhatsApp-Image-2021-04-28-at-12.16.42-1-1140x855.jpeg 1140w, https:\/\/vicaria6.bizkeliza.net\/wp-content\/uploads\/2021\/05\/WhatsApp-Image-2021-04-28-at-12.16.42-1.jpeg 1600w\" sizes=\"(max-width: 300px) 100vw, 300px\" \/><\/a>\n\t\t\t<\/div>\n\t\t\t\t<figcaption class='wp-caption-text gallery-caption' id='gallery-1-4016'>\n\t\t\t\tEUCARISTIA ONLINE\n\t\t\t\t<\/figcaption><\/figure>\n\t\t<\/div>\n\n<p style=\"text-align: center;\">\n","protected":false},"excerpt":{"rendered":"<p>CERCA EN LA DISTANCIA Cada mi\u00e9rcoles a las 11h el sacerdote Ignacio Fernandez, vicario en funciones\u00a0 de la Vicaria VI celebra la eucaristia con las personas que acuden al Centro de D\u00eda de mayores de los municipios de Leioa y Las Arenas. Desde la parroquia de San Juan Bautista (Leioa- Bizkaia), acompa\u00f1ado de dos o tres presonas de la comunidad, Ignacio ofrece con cercan\u00eda en la distancia el abrazo de Dios a quienes alli se convocan a trav\u00e9s de las pantallas en los Centros de D\u00eda. Esta situaci\u00f3n pand\u00e9mica ha impedido que Ignacio celebre la de\u00a0 la eucar\u00edstia que\u00a0 celebraba cada semana con las personas que acudi\u00e1n al Centro de D\u00eda de manera presencial. Sin embargo la oportunidad de hacer presente a Dios en la distancia telematicacmente\u00a0 no se ha querido desaprovechar. Una muestra de empe\u00f1o y\u00a0 creatividad a la que nos sentimos llamados a desarrollar en este tiempo. Se puede estar cerca en la distancia, como as\u00ed lo viven quienes all\u00ed se sienten convocados. Oraci\u00f3n por los ancianos A ti Dios m\u00edo elevo mi oraci\u00f3n, por todos los que se sienten agobiados\u00a0por el peso de los a\u00f1os,\u00a0tu amorosa presencia permiti\u00f3 que se prolongasen sus d\u00edas en la tierra. Dios m\u00edo, ellos miran para atr\u00e1s y ven todo el camino recorrido,\u00a0desde las travesuras de la infancia hasta la fragilidad del ahora. Retira Se\u00f1or toda la amargura de sus esp\u00edritus y que recuerden con preferencia los hechos agradables y felices. Borra cualquier se\u00f1al de resentimiento causado por la ingratitud y la maldad de los que alg\u00fan d\u00eda pasaron junto a ellos, alegra sus corazones ancianos, cansados y abatidos, dale los medios de revivir las alegr\u00edas de una vida normal y sociable, Dios m\u00edo ahuyenta los fantasmas de la soledad, del abandono y del desprecio. Rod\u00e9alos de amparo y calor humano en su diario vivir para que puedan mantener un \u00e1nimo bien dispuesto, abierto y feliz. Recompensa la disposici\u00f3n que demostraron, con la bendici\u00f3n de aquella paz que viene de ti y supera todas las limitaciones de la vejez. Am\u00e9n.<\/p>\n","protected":false},"author":1,"featured_media":0,"comment_status":"open","ping_status":"open","sticky":false,"template":"","format":"standard","meta":{"footnotes":""},"categories":[51],"tags":[],"class_list":["post-4013","post","type-post","status-publish","format-standard","hentry","category-vicaria-vi"],"aioseo_notices":[],"acf":[],"_links":{"self":[{"href":"https:\/\/vicaria6.bizkeliza.net\/index.php?rest_route=\/wp\/v2\/posts\/4013","targetHints":{"allow":["GET"]}}],"collection":[{"href":"https:\/\/vicaria6.bizkeliza.net\/index.php?rest_route=\/wp\/v2\/posts"}],"about":[{"href":"https:\/\/vicaria6.bizkeliza.net\/index.php?rest_route=\/wp\/v2\/types\/post"}],"author":[{"embeddable":true,"href":"https:\/\/vicaria6.bizkeliza.net\/index.php?rest_route=\/wp\/v2\/users\/1"}],"replies":[{"embeddable":true,"href":"https:\/\/vicaria6.bizkeliza.net\/index.php?rest_route=%2Fwp%2Fv2%2Fcomments&post=4013"}],"version-history":[{"count":6,"href":"https:\/\/vicaria6.bizkeliza.net\/index.php?rest_route=\/wp\/v2\/posts\/4013\/revisions"}],"predecessor-version":[{"id":4029,"href":"https:\/\/vicaria6.bizkeliza.net\/index.php?rest_route=\/wp\/v2\/posts\/4013\/revisions\/4029"}],"wp:attachment":[{"href":"https:\/\/vicaria6.bizkeliza.net\/index.php?rest_route=%2Fwp%2Fv2%2Fmedia&parent=4013"}],"wp:term":[{"taxonomy":"category","embeddable":true,"href":"https:\/\/vicaria6.bizkeliza.net\/index.php?rest_route=%2Fwp%2Fv2%2Fcategories&post=4013"},{"taxonomy":"post_tag","embeddable":true,"href":"https:\/\/vicaria6.bizkeliza.net\/index.php?rest_route=%2Fwp%2Fv2%2Ftags&post=4013"}],"curies":[{"name":"wp","href":"https:\/\/api.w.org\/{rel}","templated":true}]}}