{"id":4834,"date":"2022-01-23T09:33:23","date_gmt":"2022-01-23T09:33:23","guid":{"rendered":"https:\/\/vicaria6.bizkeliza.net\/?p=4834"},"modified":"2022-01-23T09:38:09","modified_gmt":"2022-01-23T09:38:09","slug":"charla-sopelana-soledad-y-personas-mayores-algo-mas-que-vivir-sin-compania","status":"publish","type":"post","link":"https:\/\/vicaria6.bizkeliza.net\/?p=4834","title":{"rendered":"CHARLA SOPELANA- SOLEDAD Y PERSONAS MAYORES: &#8220;Algo m\u00e1s que vivir sin compa\u00f1ia&#8221;"},"content":{"rendered":"<p>&nbsp;<\/p>\n<p style=\"text-align: center;\"><span style=\"font-family: 'trebuchet ms', geneva, sans-serif; font-size: 12pt; color: #008080;\"><strong><em>Ef\u00edmero es el\u00a0 camino y\u00a0 la andadura<\/em><\/strong><\/span><\/p>\n<p style=\"text-align: center;\"><span style=\"font-family: 'trebuchet ms', geneva, sans-serif; font-size: 12pt; color: #008080;\"><strong><em>si se transita en soledad\u00a0 y con premura<\/em><\/strong><\/span><\/p>\n<p style=\"text-align: center;\"><span style=\"font-family: 'trebuchet ms', geneva, sans-serif; font-size: 12pt; color: #008080;\"><strong><em>peregrino es quien camina solo y sin hablar<\/em><\/strong><\/span><\/p>\n<p style=\"text-align: center;\"><span style=\"font-family: 'trebuchet ms', geneva, sans-serif; font-size: 12pt; color: #008080;\"><strong><em>pero si cogidos de la mano\u00a0 se va<\/em><\/strong><\/span><\/p>\n<p style=\"text-align: center;\"><span style=\"font-family: 'trebuchet ms', geneva, sans-serif; font-size: 12pt; color: #008080;\"><strong><em>el camino\u00a0 deja de parecer soledad<\/em><\/strong><\/span><\/p>\n<p style=\"text-align: center;\"><span style=\"font-family: 'trebuchet ms', geneva, sans-serif; font-size: 12pt; color: #008080;\"><strong><em>aunque no digas palabra alguna<\/em><\/strong><\/span><\/p>\n<p style=\"text-align: center;\"><span style=\"font-family: 'trebuchet ms', geneva, sans-serif; font-size: 12pt; color: #008080;\"><strong><em>aunque,\u00a0 no mires atr\u00e1s. <\/em><\/strong><\/span><\/p>\n<p style=\"text-align: center;\"><span style=\"font-family: 'trebuchet ms', geneva, sans-serif; font-size: 12pt; color: #008080;\"><strong><em>(<\/em><\/strong><\/span><span style=\"font-family: 'trebuchet ms', geneva, sans-serif; font-size: 14pt; color: #008080;\"><em>Luisa Vicente)<\/em><\/span><\/p>\n<p><span style=\"font-size: 14pt;\"><a href=\"https:\/\/vicaria6.bizkeliza.net\/wp-content\/uploads\/2022\/01\/SOLEDAD-Y-PERSONAS-MAYORES.jpeg\"><img fetchpriority=\"high\" decoding=\"async\" class=\"wp-image-4835 alignleft\" src=\"https:\/\/vicaria6.bizkeliza.net\/wp-content\/uploads\/2022\/01\/SOLEDAD-Y-PERSONAS-MAYORES.jpeg\" alt=\"Pili Castro. Doct Psicolog\u00eda\" width=\"301\" height=\"426\" srcset=\"https:\/\/vicaria6.bizkeliza.net\/wp-content\/uploads\/2022\/01\/SOLEDAD-Y-PERSONAS-MAYORES.jpeg 1131w, https:\/\/vicaria6.bizkeliza.net\/wp-content\/uploads\/2022\/01\/SOLEDAD-Y-PERSONAS-MAYORES-212x300.jpeg 212w, https:\/\/vicaria6.bizkeliza.net\/wp-content\/uploads\/2022\/01\/SOLEDAD-Y-PERSONAS-MAYORES-724x1024.jpeg 724w, https:\/\/vicaria6.bizkeliza.net\/wp-content\/uploads\/2022\/01\/SOLEDAD-Y-PERSONAS-MAYORES-768x1086.jpeg 768w, https:\/\/vicaria6.bizkeliza.net\/wp-content\/uploads\/2022\/01\/SOLEDAD-Y-PERSONAS-MAYORES-1086x1536.jpeg 1086w\" sizes=\"(max-width: 301px) 100vw, 301px\" \/><\/a>Os informamos que el pr\u00f3ximo mi\u00e9rcoles d\u00eda <span style=\"color: #ff0000;\"><strong>26 de Enero a las 5;30 de la tarde en la parro de San Pedro en Sopelana<\/strong><\/span> se ofrecer\u00e1 una intersante charla-reflexi\u00f3n-coloquio en torno al \u00e1mbito de la soledad y el mundo de los mayores. <\/span><\/p>\n<p><span style=\"font-size: 14pt;\">La charla ser ofrecida por <strong>Pili Castro,<\/strong> Doctora en Psicolog\u00eda y miembro del equipo de C\u00e1ritas Bizkaia.\u00a0 \u00a0<span style=\"color: #ff0000;\">&#8220;Soledad y personas mayores: algo m\u00e1s que vivir sin compa\u00f1ia&#8221;<\/span> se convierte en una oportunidad de visibilizar,\u00a0 aprender y reflexionar sobre esta dif\u00edcil situacion tan presesente en nuestra comunidad, barrio, pueblo&#8230; y que busca ser atendida. La <strong>entrada es libre<\/strong>, os invitamos a participar y hacer llegar esta informaci\u00f3n a aquellas personas que puedan estar sensibilizadas\u00a0 y conmovidas por esta pobreza de nuestro mundo global.<\/span><\/p>\n<p style=\"text-align: center;\">\n","protected":false},"excerpt":{"rendered":"<p>&nbsp; Ef\u00edmero es el\u00a0 camino y\u00a0 la andadura si se transita en soledad\u00a0 y con premura peregrino es quien camina solo y sin hablar pero si cogidos de la mano\u00a0 se va el camino\u00a0 deja de parecer soledad aunque no digas palabra alguna aunque,\u00a0 no mires atr\u00e1s. (Luisa Vicente) Os informamos que el pr\u00f3ximo mi\u00e9rcoles d\u00eda 26 de Enero a las 5;30 de la tarde en la parro de San Pedro en Sopelana se ofrecer\u00e1 una intersante charla-reflexi\u00f3n-coloquio en torno al \u00e1mbito de la soledad y el mundo de los mayores. La charla ser ofrecida por Pili Castro, Doctora en Psicolog\u00eda y miembro del equipo de C\u00e1ritas Bizkaia.\u00a0 \u00a0&#8220;Soledad y personas mayores: algo m\u00e1s que vivir sin compa\u00f1ia&#8221; se convierte en una oportunidad de visibilizar,\u00a0 aprender y reflexionar sobre esta dif\u00edcil situacion tan presesente en nuestra comunidad, barrio, pueblo&#8230; y que busca ser atendida. La entrada es libre, os invitamos a participar y hacer llegar esta informaci\u00f3n a aquellas personas que puedan estar sensibilizadas\u00a0 y conmovidas por esta pobreza de nuestro mundo global.<\/p>\n","protected":false},"author":1,"featured_media":4835,"comment_status":"open","ping_status":"open","sticky":false,"template":"","format":"standard","meta":{"footnotes":""},"categories":[1],"tags":[],"class_list":["post-4834","post","type-post","status-publish","format-standard","has-post-thumbnail","hentry","category-sin-categorizar"],"aioseo_notices":[],"acf":[],"_links":{"self":[{"href":"https:\/\/vicaria6.bizkeliza.net\/index.php?rest_route=\/wp\/v2\/posts\/4834","targetHints":{"allow":["GET"]}}],"collection":[{"href":"https:\/\/vicaria6.bizkeliza.net\/index.php?rest_route=\/wp\/v2\/posts"}],"about":[{"href":"https:\/\/vicaria6.bizkeliza.net\/index.php?rest_route=\/wp\/v2\/types\/post"}],"author":[{"embeddable":true,"href":"https:\/\/vicaria6.bizkeliza.net\/index.php?rest_route=\/wp\/v2\/users\/1"}],"replies":[{"embeddable":true,"href":"https:\/\/vicaria6.bizkeliza.net\/index.php?rest_route=%2Fwp%2Fv2%2Fcomments&post=4834"}],"version-history":[{"count":1,"href":"https:\/\/vicaria6.bizkeliza.net\/index.php?rest_route=\/wp\/v2\/posts\/4834\/revisions"}],"predecessor-version":[{"id":4837,"href":"https:\/\/vicaria6.bizkeliza.net\/index.php?rest_route=\/wp\/v2\/posts\/4834\/revisions\/4837"}],"wp:featuredmedia":[{"embeddable":true,"href":"https:\/\/vicaria6.bizkeliza.net\/index.php?rest_route=\/wp\/v2\/media\/4835"}],"wp:attachment":[{"href":"https:\/\/vicaria6.bizkeliza.net\/index.php?rest_route=%2Fwp%2Fv2%2Fmedia&parent=4834"}],"wp:term":[{"taxonomy":"category","embeddable":true,"href":"https:\/\/vicaria6.bizkeliza.net\/index.php?rest_route=%2Fwp%2Fv2%2Fcategories&post=4834"},{"taxonomy":"post_tag","embeddable":true,"href":"https:\/\/vicaria6.bizkeliza.net\/index.php?rest_route=%2Fwp%2Fv2%2Ftags&post=4834"}],"curies":[{"name":"wp","href":"https:\/\/api.w.org\/{rel}","templated":true}]}}