{"id":5061,"date":"2022-03-10T18:33:41","date_gmt":"2022-03-10T18:33:41","guid":{"rendered":"https:\/\/vicaria6.bizkeliza.net\/?p=5061"},"modified":"2022-03-10T18:34:19","modified_gmt":"2022-03-10T18:34:19","slug":"galo-bilbao-la-sinodalidad-como-vivirla-hoy","status":"publish","type":"post","link":"https:\/\/vicaria6.bizkeliza.net\/?p=5061","title":{"rendered":"&#8211; HITZALDIAK- Galo Bilbao &#8221; La sinodalidad. C\u00f3mo vivirla hoy&#8221;"},"content":{"rendered":"<p><img decoding=\"async\" class=\"alignleft\" src=\"https:\/\/secure.gravatar.com\/avatar\/70d93c1bca73d145eacbd72ec3ffbe3e?s=300&amp;d=retro&amp;r=g\" alt=\"Galo Bilbao\" width=\"148\" height=\"148\" \/>Dentro del programa de <a href=\"https:\/\/gobela-galea.org\/\"><strong>Charlas Cuaresmales de la UP Gobela- Galea<\/strong> <\/a>que organiza cada a\u00f1o tendremos la oportunidad de compartir la propuesta que girar\u00e1 sobre la cuesti\u00f3n de la Sinodalidad y en concreto, la actualizaci\u00f3n a la vivencia hoy.\u00a0 <strong>GALO BILBAO ALBERDI\u00a0<\/strong> forma parte del colectivo de Laicos con Encomienda\u00a0 y Responsabilidad en la Di\u00f3cesis de Bilbao,\u00a0 y dentro de su quehacer dirige el \u00e1rea de Paz y Reconciliaci\u00f3n. Galo es licenciado en Filosof\u00eda y Teolog\u00eda y doctor en Teolog\u00eda por la Universidad de Deusto. Actualmente es profesor en la Universidad de Deusto, donde imparte docencia en el campus de Bilbao y miembro integrante de su Centro de \u00c9tica Aplicada.Su actividad docente se concentra en diversos grados de Ingenier\u00eda donde imparte la asignatura de \u00c9tica Profesional y en el Instituto Superior de Ciencias Religiosas donde imparte las asignaturas de Moral Fundamental y Moral Social, as\u00ed como en el Master \u00c9tica para la construcci\u00f3n social donde imparte la materia \u00c9tica y problem\u00e1tica cultural.Sus publicaciones tratan principalmente de \u00e9tica social y pol\u00edtica. En los \u00faltimos a\u00f1os ha estado trabajando en educaci\u00f3n para la paz, especialmente desde la conflictividad vasca y sus v\u00edctimas.Pertenece al equipo de investigaci\u00f3n \u00c9tica Aplicada a la Realidad Social con reconocimiento B en el sistema vasco de investigaci\u00f3n (convocatoria 2010).Otras \u00e1reas de inter\u00e9s investigador son la \u00e9tica profesional y tecnocient\u00edfica.<\/p>\n<p>La charla se celebrar\u00e1 el pr\u00f3ximo <strong>mi\u00e9rcoles 16 de Marzo a las 19:30<\/strong> en el sal\u00f3n de actos de la Fundaci\u00f3n Argia, de la Padres Trinitarios de Algorta pr\u00f3ximo a la parada de metro de Algorta y con posibilidad de parking abierto.<a href=\"https:\/\/vicaria6.bizkeliza.net\/wp-content\/uploads\/2022\/03\/Gobela-Galea-Cuaresma-2022.jpeg\"><img fetchpriority=\"high\" decoding=\"async\" class=\"wp-image-5062 aligncenter\" src=\"https:\/\/vicaria6.bizkeliza.net\/wp-content\/uploads\/2022\/03\/Gobela-Galea-Cuaresma-2022.jpeg\" alt=\"Charlas Cuaresmales\" width=\"717\" height=\"1014\" srcset=\"https:\/\/vicaria6.bizkeliza.net\/wp-content\/uploads\/2022\/03\/Gobela-Galea-Cuaresma-2022.jpeg 1131w, https:\/\/vicaria6.bizkeliza.net\/wp-content\/uploads\/2022\/03\/Gobela-Galea-Cuaresma-2022-212x300.jpeg 212w, https:\/\/vicaria6.bizkeliza.net\/wp-content\/uploads\/2022\/03\/Gobela-Galea-Cuaresma-2022-724x1024.jpeg 724w, https:\/\/vicaria6.bizkeliza.net\/wp-content\/uploads\/2022\/03\/Gobela-Galea-Cuaresma-2022-768x1086.jpeg 768w, https:\/\/vicaria6.bizkeliza.net\/wp-content\/uploads\/2022\/03\/Gobela-Galea-Cuaresma-2022-1086x1536.jpeg 1086w\" sizes=\"(max-width: 717px) 100vw, 717px\" \/><\/a><\/p>\n<p>&nbsp;<\/p>\n<p>&nbsp;<\/p>\n","protected":false},"excerpt":{"rendered":"<p>Dentro del programa de Charlas Cuaresmales de la UP Gobela- Galea que organiza cada a\u00f1o tendremos la oportunidad de compartir la propuesta que girar\u00e1 sobre la cuesti\u00f3n de la Sinodalidad y en concreto, la actualizaci\u00f3n a la vivencia hoy.\u00a0 GALO BILBAO ALBERDI\u00a0 forma parte del colectivo de Laicos con Encomienda\u00a0 y Responsabilidad en la Di\u00f3cesis de Bilbao,\u00a0 y dentro de su quehacer dirige el \u00e1rea de Paz y Reconciliaci\u00f3n. Galo es licenciado en Filosof\u00eda y Teolog\u00eda y doctor en Teolog\u00eda por la Universidad de Deusto. Actualmente es profesor en la Universidad de Deusto, donde imparte docencia en el campus de Bilbao y miembro integrante de su Centro de \u00c9tica Aplicada.Su actividad docente se concentra en diversos grados de Ingenier\u00eda donde imparte la asignatura de \u00c9tica Profesional y en el Instituto Superior de Ciencias Religiosas donde imparte las asignaturas de Moral Fundamental y Moral Social, as\u00ed como en el Master \u00c9tica para la construcci\u00f3n social donde imparte la materia \u00c9tica y problem\u00e1tica cultural.Sus publicaciones tratan principalmente de \u00e9tica social y pol\u00edtica. En los \u00faltimos a\u00f1os ha estado trabajando en educaci\u00f3n para la paz, especialmente desde la conflictividad vasca y sus v\u00edctimas.Pertenece al equipo de investigaci\u00f3n \u00c9tica Aplicada a la Realidad Social con reconocimiento B en el sistema vasco de investigaci\u00f3n (convocatoria 2010).Otras \u00e1reas de inter\u00e9s investigador son la \u00e9tica profesional y tecnocient\u00edfica. La charla se celebrar\u00e1 el pr\u00f3ximo mi\u00e9rcoles 16 de Marzo a las 19:30 en el sal\u00f3n de actos de la Fundaci\u00f3n Argia, de la Padres Trinitarios de Algorta pr\u00f3ximo a la parada de metro de Algorta y con posibilidad de parking abierto. &nbsp; &nbsp;<\/p>\n","protected":false},"author":1,"featured_media":0,"comment_status":"open","ping_status":"open","sticky":false,"template":"","format":"standard","meta":{"footnotes":""},"categories":[1],"tags":[],"class_list":["post-5061","post","type-post","status-publish","format-standard","hentry","category-sin-categorizar"],"aioseo_notices":[],"acf":[],"_links":{"self":[{"href":"https:\/\/vicaria6.bizkeliza.net\/index.php?rest_route=\/wp\/v2\/posts\/5061","targetHints":{"allow":["GET"]}}],"collection":[{"href":"https:\/\/vicaria6.bizkeliza.net\/index.php?rest_route=\/wp\/v2\/posts"}],"about":[{"href":"https:\/\/vicaria6.bizkeliza.net\/index.php?rest_route=\/wp\/v2\/types\/post"}],"author":[{"embeddable":true,"href":"https:\/\/vicaria6.bizkeliza.net\/index.php?rest_route=\/wp\/v2\/users\/1"}],"replies":[{"embeddable":true,"href":"https:\/\/vicaria6.bizkeliza.net\/index.php?rest_route=%2Fwp%2Fv2%2Fcomments&post=5061"}],"version-history":[{"count":2,"href":"https:\/\/vicaria6.bizkeliza.net\/index.php?rest_route=\/wp\/v2\/posts\/5061\/revisions"}],"predecessor-version":[{"id":5065,"href":"https:\/\/vicaria6.bizkeliza.net\/index.php?rest_route=\/wp\/v2\/posts\/5061\/revisions\/5065"}],"wp:attachment":[{"href":"https:\/\/vicaria6.bizkeliza.net\/index.php?rest_route=%2Fwp%2Fv2%2Fmedia&parent=5061"}],"wp:term":[{"taxonomy":"category","embeddable":true,"href":"https:\/\/vicaria6.bizkeliza.net\/index.php?rest_route=%2Fwp%2Fv2%2Fcategories&post=5061"},{"taxonomy":"post_tag","embeddable":true,"href":"https:\/\/vicaria6.bizkeliza.net\/index.php?rest_route=%2Fwp%2Fv2%2Ftags&post=5061"}],"curies":[{"name":"wp","href":"https:\/\/api.w.org\/{rel}","templated":true}]}}