{"id":5070,"date":"2022-03-10T18:52:13","date_gmt":"2022-03-10T18:52:13","guid":{"rendered":"https:\/\/vicaria6.bizkeliza.net\/?p=5070"},"modified":"2022-03-10T18:52:13","modified_gmt":"2022-03-10T18:52:13","slug":"formacion-voluntariado-acompanando-a-jovenes-migrantes-nikolas-zabalik","status":"publish","type":"post","link":"https:\/\/vicaria6.bizkeliza.net\/?p=5070","title":{"rendered":"FORMACI\u00d3N VOLUNTARIADO: &#8220;Acompa\u00f1ando a j\u00f3venes migrantes&#8221; Nikolas Zabalik"},"content":{"rendered":"<p>La Asociaci\u00f3n <a href=\"https:\/\/sannikolaszabalik.wordpress.com\/\"><strong>Nikolas Zabalik<\/strong><\/a> junto con el Ayuntamiento de Getxo organiza una nuevas Jornadas de formaci\u00f3n en torno a las migraciones. En esta ocasi\u00f3n, dirigida a voluntarios y futuros voluntarios\u00a0 pondr\u00e1n el foco en el Acompa\u00f1amiento a j\u00f3venes migrantes. Habi\u00e9ndose celebrado la primera sesi\u00f3n el 9 de Marzo, podr\u00e1s seguirlo los d\u00edas <strong>23 de Marzo<\/strong> y <strong>6 de Abril<\/strong> a las 18:30\u00a0 en el sal\u00f3n de la parroquia de San Mart\u00edn de Tours. A continuaci\u00f3n encontrar\u00e1s toda la informaci\u00f3n.<\/p>\n<p><a href=\"https:\/\/vicaria6.bizkeliza.net\/wp-content\/uploads\/2022\/03\/FORMACION-VOLUNTARIADO-ACOMPANANDO-A-JOVENES-MIGRANTES.jpeg\"><img fetchpriority=\"high\" decoding=\"async\" class=\"size-full wp-image-5068 aligncenter\" src=\"https:\/\/vicaria6.bizkeliza.net\/wp-content\/uploads\/2022\/03\/FORMACION-VOLUNTARIADO-ACOMPANANDO-A-JOVENES-MIGRANTES.jpeg\" alt=\"Acompa\u00f1ando a j\u00f3venes migrantes\" width=\"643\" height=\"932\" srcset=\"https:\/\/vicaria6.bizkeliza.net\/wp-content\/uploads\/2022\/03\/FORMACION-VOLUNTARIADO-ACOMPANANDO-A-JOVENES-MIGRANTES.jpeg 643w, https:\/\/vicaria6.bizkeliza.net\/wp-content\/uploads\/2022\/03\/FORMACION-VOLUNTARIADO-ACOMPANANDO-A-JOVENES-MIGRANTES-207x300.jpeg 207w\" sizes=\"(max-width: 643px) 100vw, 643px\" \/><\/a><\/p>\n","protected":false},"excerpt":{"rendered":"<p>La Asociaci\u00f3n Nikolas Zabalik junto con el Ayuntamiento de Getxo organiza una nuevas Jornadas de formaci\u00f3n en torno a las migraciones. En esta ocasi\u00f3n, dirigida a voluntarios y futuros voluntarios\u00a0 pondr\u00e1n el foco en el Acompa\u00f1amiento a j\u00f3venes migrantes. Habi\u00e9ndose celebrado la primera sesi\u00f3n el 9 de Marzo, podr\u00e1s seguirlo los d\u00edas 23 de Marzo y 6 de Abril a las 18:30\u00a0 en el sal\u00f3n de la parroquia de San Mart\u00edn de Tours. A continuaci\u00f3n encontrar\u00e1s toda la informaci\u00f3n.<\/p>\n","protected":false},"author":1,"featured_media":0,"comment_status":"open","ping_status":"open","sticky":false,"template":"","format":"standard","meta":{"footnotes":""},"categories":[1],"tags":[],"class_list":["post-5070","post","type-post","status-publish","format-standard","hentry","category-sin-categorizar"],"aioseo_notices":[],"acf":[],"_links":{"self":[{"href":"https:\/\/vicaria6.bizkeliza.net\/index.php?rest_route=\/wp\/v2\/posts\/5070","targetHints":{"allow":["GET"]}}],"collection":[{"href":"https:\/\/vicaria6.bizkeliza.net\/index.php?rest_route=\/wp\/v2\/posts"}],"about":[{"href":"https:\/\/vicaria6.bizkeliza.net\/index.php?rest_route=\/wp\/v2\/types\/post"}],"author":[{"embeddable":true,"href":"https:\/\/vicaria6.bizkeliza.net\/index.php?rest_route=\/wp\/v2\/users\/1"}],"replies":[{"embeddable":true,"href":"https:\/\/vicaria6.bizkeliza.net\/index.php?rest_route=%2Fwp%2Fv2%2Fcomments&post=5070"}],"version-history":[{"count":1,"href":"https:\/\/vicaria6.bizkeliza.net\/index.php?rest_route=\/wp\/v2\/posts\/5070\/revisions"}],"predecessor-version":[{"id":5071,"href":"https:\/\/vicaria6.bizkeliza.net\/index.php?rest_route=\/wp\/v2\/posts\/5070\/revisions\/5071"}],"wp:attachment":[{"href":"https:\/\/vicaria6.bizkeliza.net\/index.php?rest_route=%2Fwp%2Fv2%2Fmedia&parent=5070"}],"wp:term":[{"taxonomy":"category","embeddable":true,"href":"https:\/\/vicaria6.bizkeliza.net\/index.php?rest_route=%2Fwp%2Fv2%2Fcategories&post=5070"},{"taxonomy":"post_tag","embeddable":true,"href":"https:\/\/vicaria6.bizkeliza.net\/index.php?rest_route=%2Fwp%2Fv2%2Ftags&post=5070"}],"curies":[{"name":"wp","href":"https:\/\/api.w.org\/{rel}","templated":true}]}}