{"id":5094,"date":"2022-03-15T08:38:53","date_gmt":"2022-03-15T08:38:53","guid":{"rendered":"https:\/\/vicaria6.bizkeliza.net\/?p=5094"},"modified":"2022-03-15T08:39:36","modified_gmt":"2022-03-15T08:39:36","slug":"ninos-y-jovenes-de-eko-acg-en-zalla-anunciar-a-jesus-con-obras-y-palabras","status":"publish","type":"post","link":"https:\/\/vicaria6.bizkeliza.net\/?p=5094","title":{"rendered":"Ni\u00f1os y J\u00f3venes de EKO- ACG en Zalla. &#8220;Anunciar a Jesus con obras y palabras&#8221;"},"content":{"rendered":"<p>El grupo de infancia y juventud de Astrabudua perteneciente al Movimiento de Acci\u00f3n Cat\u00f3lica General se fue a Zalla este fin de semana a trabajar sobre la reflexi\u00f3n que se va a tratar en la IV Asamblea de Acci\u00f3n Cat\u00f3lica General que tendr\u00e1 lugar en Barcelona este verano.\u00a0 Una propuesta\u00a0 abierta a todos el laicado de las parroquias que se trabaja de forma adaptada a las distintas franjas de edad.<\/p>\n<p>A continuaci\u00f3n os dejamos una galer\u00eda de algunos momentos del encuentro y el video promocional de la<\/p>\n<p><a href=\"https:\/\/youtu.be\/rvVrQyUYkNU\">IV Asamblea en Barcelona.<\/a><\/p>\n<p>GALERIA\u00a0 DE MOMENTOS<\/p>\n<div id='gallery-1' class='gallery galleryid-5094 gallery-columns-1 gallery-size-medium'><figure class='gallery-item'>\n\t\t\t<div class='gallery-icon landscape'>\n\t\t\t\t<a href='https:\/\/vicaria6.bizkeliza.net\/?attachment_id=5095'><img fetchpriority=\"high\" decoding=\"async\" width=\"300\" height=\"225\" src=\"https:\/\/vicaria6.bizkeliza.net\/wp-content\/uploads\/2022\/03\/5-1-300x225.jpeg\" class=\"attachment-medium size-medium\" alt=\"EKO- ACG ASTRABUDUA\" srcset=\"https:\/\/vicaria6.bizkeliza.net\/wp-content\/uploads\/2022\/03\/5-1-300x225.jpeg 300w, https:\/\/vicaria6.bizkeliza.net\/wp-content\/uploads\/2022\/03\/5-1-1024x768.jpeg 1024w, https:\/\/vicaria6.bizkeliza.net\/wp-content\/uploads\/2022\/03\/5-1-768x576.jpeg 768w, https:\/\/vicaria6.bizkeliza.net\/wp-content\/uploads\/2022\/03\/5-1-1536x1152.jpeg 1536w, https:\/\/vicaria6.bizkeliza.net\/wp-content\/uploads\/2022\/03\/5-1-1140x855.jpeg 1140w, https:\/\/vicaria6.bizkeliza.net\/wp-content\/uploads\/2022\/03\/5-1.jpeg 1600w\" sizes=\"(max-width: 300px) 100vw, 300px\" \/><\/a>\n\t\t\t<\/div><\/figure><figure class='gallery-item'>\n\t\t\t<div class='gallery-icon landscape'>\n\t\t\t\t<a href='https:\/\/vicaria6.bizkeliza.net\/?attachment_id=5097'><img decoding=\"async\" width=\"300\" height=\"225\" src=\"https:\/\/vicaria6.bizkeliza.net\/wp-content\/uploads\/2022\/03\/4-300x225.jpeg\" class=\"attachment-medium size-medium\" alt=\"\" srcset=\"https:\/\/vicaria6.bizkeliza.net\/wp-content\/uploads\/2022\/03\/4-300x225.jpeg 300w, https:\/\/vicaria6.bizkeliza.net\/wp-content\/uploads\/2022\/03\/4-1024x768.jpeg 1024w, https:\/\/vicaria6.bizkeliza.net\/wp-content\/uploads\/2022\/03\/4-768x576.jpeg 768w, https:\/\/vicaria6.bizkeliza.net\/wp-content\/uploads\/2022\/03\/4-1536x1152.jpeg 1536w, https:\/\/vicaria6.bizkeliza.net\/wp-content\/uploads\/2022\/03\/4-1140x855.jpeg 1140w, https:\/\/vicaria6.bizkeliza.net\/wp-content\/uploads\/2022\/03\/4.jpeg 1600w\" sizes=\"(max-width: 300px) 100vw, 300px\" \/><\/a>\n\t\t\t<\/div><\/figure><figure class='gallery-item'>\n\t\t\t<div class='gallery-icon landscape'>\n\t\t\t\t<a href='https:\/\/vicaria6.bizkeliza.net\/?attachment_id=5099'><img decoding=\"async\" width=\"300\" height=\"225\" src=\"https:\/\/vicaria6.bizkeliza.net\/wp-content\/uploads\/2022\/03\/3-1-300x225.jpeg\" class=\"attachment-medium size-medium\" alt=\"\" srcset=\"https:\/\/vicaria6.bizkeliza.net\/wp-content\/uploads\/2022\/03\/3-1-300x225.jpeg 300w, https:\/\/vicaria6.bizkeliza.net\/wp-content\/uploads\/2022\/03\/3-1-1024x768.jpeg 1024w, https:\/\/vicaria6.bizkeliza.net\/wp-content\/uploads\/2022\/03\/3-1-768x576.jpeg 768w, https:\/\/vicaria6.bizkeliza.net\/wp-content\/uploads\/2022\/03\/3-1-1536x1152.jpeg 1536w, https:\/\/vicaria6.bizkeliza.net\/wp-content\/uploads\/2022\/03\/3-1-1140x855.jpeg 1140w, https:\/\/vicaria6.bizkeliza.net\/wp-content\/uploads\/2022\/03\/3-1.jpeg 1600w\" sizes=\"(max-width: 300px) 100vw, 300px\" \/><\/a>\n\t\t\t<\/div><\/figure><figure class='gallery-item'>\n\t\t\t<div class='gallery-icon portrait'>\n\t\t\t\t<a href='https:\/\/vicaria6.bizkeliza.net\/?attachment_id=5101'><img loading=\"lazy\" decoding=\"async\" width=\"225\" height=\"300\" src=\"https:\/\/vicaria6.bizkeliza.net\/wp-content\/uploads\/2022\/03\/2-1-225x300.jpeg\" class=\"attachment-medium size-medium\" alt=\"\" srcset=\"https:\/\/vicaria6.bizkeliza.net\/wp-content\/uploads\/2022\/03\/2-1-225x300.jpeg 225w, https:\/\/vicaria6.bizkeliza.net\/wp-content\/uploads\/2022\/03\/2-1-768x1024.jpeg 768w, https:\/\/vicaria6.bizkeliza.net\/wp-content\/uploads\/2022\/03\/2-1-1152x1536.jpeg 1152w, https:\/\/vicaria6.bizkeliza.net\/wp-content\/uploads\/2022\/03\/2-1-1140x1520.jpeg 1140w, https:\/\/vicaria6.bizkeliza.net\/wp-content\/uploads\/2022\/03\/2-1.jpeg 1200w\" sizes=\"(max-width: 225px) 100vw, 225px\" \/><\/a>\n\t\t\t<\/div><\/figure><figure class='gallery-item'>\n\t\t\t<div class='gallery-icon landscape'>\n\t\t\t\t<a href='https:\/\/vicaria6.bizkeliza.net\/?attachment_id=5103'><img loading=\"lazy\" decoding=\"async\" width=\"300\" height=\"257\" src=\"https:\/\/vicaria6.bizkeliza.net\/wp-content\/uploads\/2022\/03\/1-1-300x257.jpeg\" class=\"attachment-medium size-medium\" alt=\"\" srcset=\"https:\/\/vicaria6.bizkeliza.net\/wp-content\/uploads\/2022\/03\/1-1-300x257.jpeg 300w, https:\/\/vicaria6.bizkeliza.net\/wp-content\/uploads\/2022\/03\/1-1-1024x878.jpeg 1024w, https:\/\/vicaria6.bizkeliza.net\/wp-content\/uploads\/2022\/03\/1-1-768x658.jpeg 768w, https:\/\/vicaria6.bizkeliza.net\/wp-content\/uploads\/2022\/03\/1-1.jpeg 1080w\" sizes=\"(max-width: 300px) 100vw, 300px\" \/><\/a>\n\t\t\t<\/div><\/figure>\n\t\t<\/div>\n\n<p>&nbsp;<\/p>\n","protected":false},"excerpt":{"rendered":"<p>El grupo de infancia y juventud de Astrabudua perteneciente al Movimiento de Acci\u00f3n Cat\u00f3lica General se fue a Zalla este fin de semana a trabajar sobre la reflexi\u00f3n que se va a tratar en la IV Asamblea de Acci\u00f3n Cat\u00f3lica General que tendr\u00e1 lugar en Barcelona este verano.\u00a0 Una propuesta\u00a0 abierta a todos el laicado de las parroquias que se trabaja de forma adaptada a las distintas franjas de edad. A continuaci\u00f3n os dejamos una galer\u00eda de algunos momentos del encuentro y el video promocional de la IV Asamblea en Barcelona. GALERIA\u00a0 DE MOMENTOS &nbsp;<\/p>\n","protected":false},"author":1,"featured_media":0,"comment_status":"open","ping_status":"open","sticky":false,"template":"","format":"standard","meta":{"footnotes":""},"categories":[1],"tags":[],"class_list":["post-5094","post","type-post","status-publish","format-standard","hentry","category-sin-categorizar"],"aioseo_notices":[],"acf":[],"_links":{"self":[{"href":"https:\/\/vicaria6.bizkeliza.net\/index.php?rest_route=\/wp\/v2\/posts\/5094","targetHints":{"allow":["GET"]}}],"collection":[{"href":"https:\/\/vicaria6.bizkeliza.net\/index.php?rest_route=\/wp\/v2\/posts"}],"about":[{"href":"https:\/\/vicaria6.bizkeliza.net\/index.php?rest_route=\/wp\/v2\/types\/post"}],"author":[{"embeddable":true,"href":"https:\/\/vicaria6.bizkeliza.net\/index.php?rest_route=\/wp\/v2\/users\/1"}],"replies":[{"embeddable":true,"href":"https:\/\/vicaria6.bizkeliza.net\/index.php?rest_route=%2Fwp%2Fv2%2Fcomments&post=5094"}],"version-history":[{"count":2,"href":"https:\/\/vicaria6.bizkeliza.net\/index.php?rest_route=\/wp\/v2\/posts\/5094\/revisions"}],"predecessor-version":[{"id":5106,"href":"https:\/\/vicaria6.bizkeliza.net\/index.php?rest_route=\/wp\/v2\/posts\/5094\/revisions\/5106"}],"wp:attachment":[{"href":"https:\/\/vicaria6.bizkeliza.net\/index.php?rest_route=%2Fwp%2Fv2%2Fmedia&parent=5094"}],"wp:term":[{"taxonomy":"category","embeddable":true,"href":"https:\/\/vicaria6.bizkeliza.net\/index.php?rest_route=%2Fwp%2Fv2%2Fcategories&post=5094"},{"taxonomy":"post_tag","embeddable":true,"href":"https:\/\/vicaria6.bizkeliza.net\/index.php?rest_route=%2Fwp%2Fv2%2Ftags&post=5094"}],"curies":[{"name":"wp","href":"https:\/\/api.w.org\/{rel}","templated":true}]}}