{"id":5749,"date":"2022-09-21T11:01:47","date_gmt":"2022-09-21T11:01:47","guid":{"rendered":"https:\/\/vicaria6.bizkeliza.net\/?p=5749"},"modified":"2022-09-21T11:02:09","modified_gmt":"2022-09-21T11:02:09","slug":"en-minoria-absoluta-alvaro-zapata-sj","status":"publish","type":"post","link":"https:\/\/vicaria6.bizkeliza.net\/?p=5749","title":{"rendered":"&#8220;En minor\u00eda absoluta&#8221;. \u00c1lvaro Zapata, sj"},"content":{"rendered":"<p><img decoding=\"async\" class=\" wp-image-5750 alignleft\" src=\"https:\/\/vicaria6.bizkeliza.net\/wp-content\/uploads\/2022\/09\/unnamed-file.jpg\" alt=\"minor\u00eda\" width=\"201\" height=\"113\" \/>Esta empezando el curso, en estas semanas han comenzado las inscripciones en todas las parroquias a los procesos de Catequesis de ni\u00f1os y j\u00f3venes, a los grupos de Tiempo Libre&#8230; y cada vez somo menos.<\/p>\n<p>\u00bfC\u00f3mo vivir esta experiencia desde el Evangelio?<\/p>\n<p>Os traemos<strong><span style=\"color: #ff6600;\"><a style=\"color: #ff6600;\" href=\"https:\/\/pastoralsj.org\/creer\/2290-en-minoria-absoluta?fbclid=IwAR3fGenZJP0CvoS1iWndz3UZlVPszRYwNkAveESlIYgP3N6TFGlF7SVmzL0\"> aqu\u00ed<\/a> <\/span><\/strong>un art\u00edculo <a href=\"https:\/\/pastoralsj.org\/creer\/2290-en-minoria-absoluta?fbclid=IwAR3fGenZJP0CvoS1iWndz3UZlVPszRYwNkAveESlIYgP3N6TFGlF7SVmzL0\"><span style=\"color: #ff6600;\"><strong>&#8221; En minor\u00eda absoluta&#8221;\u00a0 del jesuita \u00c1lvaro Zapata<\/strong><\/span><\/a> que en pocas palabras aporta gran riqueza en tiempo de minor\u00eda.<\/p>\n","protected":false},"excerpt":{"rendered":"<p>Esta empezando el curso, en estas semanas han comenzado las inscripciones en todas las parroquias a los procesos de Catequesis de ni\u00f1os y j\u00f3venes, a los grupos de Tiempo Libre&#8230; y cada vez somo menos. \u00bfC\u00f3mo vivir esta experiencia desde el Evangelio? Os traemos aqu\u00ed un art\u00edculo &#8221; En minor\u00eda absoluta&#8221;\u00a0 del jesuita \u00c1lvaro Zapata que en pocas palabras aporta gran riqueza en tiempo de minor\u00eda.<\/p>\n","protected":false},"author":1,"featured_media":0,"comment_status":"open","ping_status":"open","sticky":false,"template":"","format":"standard","meta":{"footnotes":""},"categories":[1],"tags":[],"class_list":["post-5749","post","type-post","status-publish","format-standard","hentry","category-sin-categorizar"],"aioseo_notices":[],"acf":[],"_links":{"self":[{"href":"https:\/\/vicaria6.bizkeliza.net\/index.php?rest_route=\/wp\/v2\/posts\/5749","targetHints":{"allow":["GET"]}}],"collection":[{"href":"https:\/\/vicaria6.bizkeliza.net\/index.php?rest_route=\/wp\/v2\/posts"}],"about":[{"href":"https:\/\/vicaria6.bizkeliza.net\/index.php?rest_route=\/wp\/v2\/types\/post"}],"author":[{"embeddable":true,"href":"https:\/\/vicaria6.bizkeliza.net\/index.php?rest_route=\/wp\/v2\/users\/1"}],"replies":[{"embeddable":true,"href":"https:\/\/vicaria6.bizkeliza.net\/index.php?rest_route=%2Fwp%2Fv2%2Fcomments&post=5749"}],"version-history":[{"count":1,"href":"https:\/\/vicaria6.bizkeliza.net\/index.php?rest_route=\/wp\/v2\/posts\/5749\/revisions"}],"predecessor-version":[{"id":5752,"href":"https:\/\/vicaria6.bizkeliza.net\/index.php?rest_route=\/wp\/v2\/posts\/5749\/revisions\/5752"}],"wp:attachment":[{"href":"https:\/\/vicaria6.bizkeliza.net\/index.php?rest_route=%2Fwp%2Fv2%2Fmedia&parent=5749"}],"wp:term":[{"taxonomy":"category","embeddable":true,"href":"https:\/\/vicaria6.bizkeliza.net\/index.php?rest_route=%2Fwp%2Fv2%2Fcategories&post=5749"},{"taxonomy":"post_tag","embeddable":true,"href":"https:\/\/vicaria6.bizkeliza.net\/index.php?rest_route=%2Fwp%2Fv2%2Ftags&post=5749"}],"curies":[{"name":"wp","href":"https:\/\/api.w.org\/{rel}","templated":true}]}}