{"id":5754,"date":"2022-09-27T10:42:49","date_gmt":"2022-09-27T10:42:49","guid":{"rendered":"https:\/\/vicaria6.bizkeliza.net\/?p=5754"},"modified":"2022-09-27T10:53:21","modified_gmt":"2022-09-27T10:53:21","slug":"por-los-seminaristas","status":"publish","type":"post","link":"https:\/\/vicaria6.bizkeliza.net\/?p=5754","title":{"rendered":"Hoy, d\u00eda de inicio del curso, pedimos por los seminaristas  y quienes los acompa\u00f1an."},"content":{"rendered":"<p>Hoy que el<strong> Seminario Diocesano de Bilbao<\/strong> inicia su curso queremos rezar por ellos y recordar la propuesta\u00a0 que el Papa Francisco hac\u00eda a\u00a0 los seminaristas :<\/p>\n<h4 class=\"article__title\" style=\"text-align: center;\"><span style=\"color: #993300;\">oraci\u00f3n, estudio, comuni\u00f3n y cercan\u00eda<\/span><\/h4>\n<p><img fetchpriority=\"high\" decoding=\"async\" class=\"alignnone size-large wp-image-5755\" src=\"https:\/\/vicaria6.bizkeliza.net\/wp-content\/uploads\/2022\/09\/Inicio-curso-Seminario-Diocesano-Bilbao-1024x602.jpeg\" alt=\"Inicio Seminario Diocesano Bilbao\" width=\"960\" height=\"564\" \/><\/p>\n<p style=\"text-align: center;\"><span style=\"color: #993300;\">Se\u00f1or, Jesucristo,<\/span><br \/>\n<span style=\"color: #993300;\">Pastor bueno,<\/span><br \/>\n<span style=\"color: #993300;\">t\u00fa que conoces a todas tus ovejas y sabes<\/span><br \/>\n<span style=\"color: #993300;\">c\u00f3mo llegar al coraz\u00f3n del hombre,<\/span><br \/>\n<span style=\"color: #993300;\">abre la mente y el coraz\u00f3n de los que buscan<\/span><br \/>\n<span style=\"color: #993300;\">y esperan una palabra de verdad para su vida;<\/span><br \/>\n<span style=\"color: #993300;\">hazles sentir que s\u00f3lo en ti<\/span><br \/>\n<span style=\"color: #993300;\">pueden encontrar plena luz;<\/span><br \/>\n<span style=\"color: #993300;\">da valor a los que saben d\u00f3nde encontrar la verdad,<\/span><br \/>\n<span style=\"color: #993300;\">pero temen que tu llamada sea demasiado exigente;<\/span><br \/>\n<span style=\"color: #993300;\">sacude el alma de los que quieran seguirte<\/span><br \/>\n<span style=\"color: #993300;\">en el ministerio sacerdotal,<\/span><br \/>\n<span style=\"color: #993300;\">pero no saben vencer las dudas y los miedos,<\/span><br \/>\n<span style=\"color: #993300;\">y acaban por escuchar otras voces.<\/span><br \/>\n<span style=\"color: #993300;\">T\u00fa que eres la Palabra que ilumina<\/span><br \/>\n<span style=\"color: #993300;\">y sostiene los corazones,<\/span><br \/>\n<span style=\"color: #993300;\">suscita en aquellos a quienes llamas<\/span><br \/>\n<span style=\"color: #993300;\">valor para dar la respuesta de amor:<\/span><br \/>\n<span style=\"color: #993300;\">&#8220;\u00a1Heme aqu\u00ed, env\u00edame!&#8221;<\/span><\/p>\n<p><strong><em>Fuente: https:\/\/www.vaticannews.va<\/em><\/strong><\/p>\n<h3 class=\"article__title\"><span style=\"color: #993300;\"><a style=\"color: #993300;\" href=\"https:\/\/www.vaticannews.va\/es\/papa\/news\/2019-12\/papa-audiencia-seminaristas-flaminio-oracion-estudio.html\">El Papa a los seminaristas: oraci\u00f3n, estudio, comuni\u00f3n y cercan\u00eda<\/a><\/span><\/h3>\n<div class=\"article__text \">\n<h2>\u00a0Para prepararse a esta misi\u00f3n, el Papa les habla del lugar de crecimiento y de formaci\u00f3n, el seminario, indicando tres aspectos que lo identifican: casa de oraci\u00f3n, casa de estudio y casa de formaci\u00f3n.<\/h2>\n<h2><b>La fe cultivada coraz\u00f3n a coraz\u00f3n con Jes\u00fas<\/b><\/h2>\n<p>&#8220;Ustedes est\u00e1n llamados a ser evangelizadores en vuestra regi\u00f3n, marcada tambi\u00e9n ella por la descristianizaci\u00f3n&#8221;: dice Francisco, evidenciando que quienes est\u00e1n m\u00e1s expuestos \u201cal viento fr\u00edo de la incertidumbre y de la indiferencia religiosa, necesitan encontrar en la persona del sacerdote aquella fe robusta que es como una antorcha en la noche y como una roca a la cual agarrarse.\u00a0Esta fe\u00a0 &#8211; asegura &#8211; se cultiva sobre todo en la relaci\u00f3n personal, coraz\u00f3n a coraz\u00f3n, con la persona de Jesucristo&#8221;.<\/p>\n<p>En el seminario \u2018casa de oraci\u00f3n\u2019, a\u00f1ade Francisco, el Se\u00f1or convoca a los suyos a un lugar apartado para vivir una experiencia fuerte de encuentro y de escucha\u201d a trav\u00e9s de la cual los quiere preparar a convertirse en \u201ceducadores del Pueblo de Dios en la fe\u201d. Y para ello es necesario \u2013 afirma \u2013 empe\u00f1arse en la formaci\u00f3n espiritual, aprender a \u201cestar con \u00c9l\u201d como as\u00ed tambi\u00e9n es esencial &#8220;el encuentro con Jes\u00fas en el rostro de los pobres&#8221;.<\/p>\n<h2><b>El estudio para una misi\u00f3n com\u00fan<\/b><\/h2>\n<p>El segundo aspecto que caracteriza al seminario es el estudio, que es \u201cparte integrante de un itinerario que apunta a la educaci\u00f3n de una fe viva y consciente, llamada a transformarse en la fe del pastor\u201d y que \u201cno es s\u00f3lo instrumento privilegiado para el conocimiento sapiencial y cient\u00edfico&#8221; sino que es tambi\u00e9n \u00a0un \u201cinstrumento de un saber compartido\u201d:<\/p>\n<div>\n<div class=\"article__embed article__embed--border embed_style\">\n<blockquote><p>\u201cEl compromiso de estudiar, incluso en el Seminario, es claramente personal, pero no es individual. Compartir lecciones y estudios con otros seminaristas es tambi\u00e9n una manera de unirse a un presbiterio.\u201d<\/p><\/blockquote>\n<\/div>\n<\/div>\n<p>Francisco recuerda que &#8211; sin descuidar las inclinaciones y los talentos personales, sino al contrario, valoriz\u00e1ndolos &#8211;\u00a0 en el seminario \u201cse estudia para una misi\u00f3n com\u00fan\u201d que da &#8220;un &#8216;sabor&#8217; muy especial al aprendizaje de la Sagrada Escritura, de la teolog\u00eda, de la historia, del derecho y de todas las disciplinas&#8221;.\u00a0Se confrontan diferentes sensibilidades personales en el horizonte com\u00fan de la llamada y la misi\u00f3n, \u00a0un solo horizonte eclesial desprovisto de\u00a0<i>autorreferencialidad<\/i>.<\/p>\n<h2><b>La caridad de la mano de la fraternidad<\/b><\/h2>\n<p>La tercera dimensi\u00f3n del seminario es la de ser una &#8220;casa de comuni\u00f3n&#8221; y tiene tambi\u00e9n un car\u00e1cter &#8220;transversal&#8221;, porque &#8220;parte de la apertura a los dem\u00e1s&#8221;, pero toma la forma de &#8220;comuni\u00f3n presbiteral en torno a la gu\u00eda del Obispo&#8221;:<\/p>\n<div>\n<div class=\"article__embed article__embed--border embed_style\">\n<blockquote><p>\u201cLa caridad pastoral del sacerdote no puede ser cre\u00edble si no va precedida y acompa\u00f1ada de la fraternidad, primero entre los seminaristas y luego entre los sacerdotes.\u201d<\/p><\/blockquote>\n<\/div>\n<\/div>\n<p>\u201cUna fraternidad \u2013 explica el Papa &#8211; \u00a0cada vez m\u00e1s impregnada de la forma apost\u00f3lica y enriquecida por las caracter\u00edsticas propias de la diocesanidad, es decir, por las caracter\u00edsticas particulares del pueblo de Dios y de los santos, especialmente de los santos sacerdotes, de una Iglesia particular\u201d.<\/p>\n<p>En este contexto, concluye el Papa, el seminario se califica como un &#8220;camino que educa a la confrontaci\u00f3n constante con Cristo&#8221; y a considerar la pertenencia al &#8220;\u00fanico presbiterio como dimensi\u00f3n previa de actuar pastoral y testimonio de comuni\u00f3n, \u00a0indispensables para servir al misterio de la Iglesia y su misi\u00f3n en el mundo&#8221;.<\/p>\n<h5>\u00a0Papa Francisco. Diciembre 2019<\/h5>\n<\/div>\n<div id=\"banner-donazioni\" class=\"article_banner\"><\/div>\n<p>&nbsp;<\/p>\n","protected":false},"excerpt":{"rendered":"<p>Hoy que el Seminario Diocesano de Bilbao inicia su curso queremos rezar por ellos y recordar la propuesta\u00a0 que el Papa Francisco hac\u00eda a\u00a0 los seminaristas : oraci\u00f3n, estudio, comuni\u00f3n y cercan\u00eda Se\u00f1or, Jesucristo, Pastor bueno, t\u00fa que conoces a todas tus ovejas y sabes c\u00f3mo llegar al coraz\u00f3n del hombre, abre la mente y el coraz\u00f3n de los que buscan y esperan una palabra de verdad para su vida; hazles sentir que s\u00f3lo en ti pueden encontrar plena luz; da valor a los que saben d\u00f3nde encontrar la verdad, pero temen que tu llamada sea demasiado exigente; sacude el alma de los que quieran seguirte en el ministerio sacerdotal, pero no saben vencer las dudas y los miedos, y acaban por escuchar otras voces. T\u00fa que eres la Palabra que ilumina y sostiene los corazones, suscita en aquellos a quienes llamas valor para dar la respuesta de amor: &#8220;\u00a1Heme aqu\u00ed, env\u00edame!&#8221; Fuente: https:\/\/www.vaticannews.va El Papa a los seminaristas: oraci\u00f3n, estudio, comuni\u00f3n y cercan\u00eda \u00a0Para prepararse a esta misi\u00f3n, el Papa les habla del lugar de crecimiento y de formaci\u00f3n, el seminario, indicando tres aspectos que lo identifican: casa de oraci\u00f3n, casa de estudio y casa de formaci\u00f3n. La fe cultivada coraz\u00f3n a coraz\u00f3n con Jes\u00fas &#8220;Ustedes est\u00e1n llamados a ser evangelizadores en vuestra regi\u00f3n, marcada tambi\u00e9n ella por la descristianizaci\u00f3n&#8221;: dice Francisco, evidenciando que quienes est\u00e1n m\u00e1s expuestos \u201cal viento fr\u00edo de la incertidumbre y de la indiferencia religiosa, necesitan encontrar en la persona del sacerdote aquella fe robusta que es como una antorcha en la noche y como una roca a la cual agarrarse.\u00a0Esta fe\u00a0 &#8211; asegura &#8211; se cultiva sobre todo en la relaci\u00f3n personal, coraz\u00f3n a coraz\u00f3n, con la persona de Jesucristo&#8221;. En el seminario \u2018casa de oraci\u00f3n\u2019, a\u00f1ade Francisco, el Se\u00f1or convoca a los suyos a un lugar apartado para vivir una experiencia fuerte de encuentro y de escucha\u201d a trav\u00e9s de la cual los quiere preparar a convertirse en \u201ceducadores del Pueblo de Dios en la fe\u201d. Y para ello es necesario \u2013 afirma \u2013 empe\u00f1arse en la formaci\u00f3n espiritual, aprender a \u201cestar con \u00c9l\u201d como as\u00ed tambi\u00e9n es esencial &#8220;el encuentro con Jes\u00fas en el rostro de los pobres&#8221;. El estudio para una misi\u00f3n com\u00fan El segundo aspecto que caracteriza al seminario es el estudio, que es \u201cparte integrante de un itinerario que apunta a la educaci\u00f3n de una fe viva y consciente, llamada a transformarse en la fe del pastor\u201d y que \u201cno es s\u00f3lo instrumento privilegiado para el conocimiento sapiencial y cient\u00edfico&#8221; sino que es tambi\u00e9n \u00a0un \u201cinstrumento de un saber compartido\u201d: \u201cEl compromiso de estudiar, incluso en el Seminario, es claramente personal, pero no es individual. Compartir lecciones y estudios con otros seminaristas es tambi\u00e9n una manera de unirse a un presbiterio.\u201d Francisco recuerda que &#8211; sin descuidar las inclinaciones y los talentos personales, sino al contrario, valoriz\u00e1ndolos &#8211;\u00a0 en el seminario \u201cse estudia para una misi\u00f3n com\u00fan\u201d que da &#8220;un &#8216;sabor&#8217; muy especial al aprendizaje de la Sagrada Escritura, de la teolog\u00eda, de la historia, del derecho y de todas las disciplinas&#8221;.\u00a0Se confrontan diferentes sensibilidades personales en el horizonte com\u00fan de la llamada y la misi\u00f3n, \u00a0un solo horizonte eclesial desprovisto de\u00a0autorreferencialidad. La caridad de la mano de la fraternidad La tercera dimensi\u00f3n del seminario es la de ser una &#8220;casa de comuni\u00f3n&#8221; y tiene tambi\u00e9n un car\u00e1cter &#8220;transversal&#8221;, porque &#8220;parte de la apertura a los dem\u00e1s&#8221;, pero toma la forma de &#8220;comuni\u00f3n presbiteral en torno a la gu\u00eda del Obispo&#8221;: \u201cLa caridad pastoral del sacerdote no puede ser cre\u00edble si no va precedida y acompa\u00f1ada de la fraternidad, primero entre los seminaristas y luego entre los sacerdotes.\u201d \u201cUna fraternidad \u2013 explica el Papa &#8211; \u00a0cada vez m\u00e1s impregnada de la forma apost\u00f3lica y enriquecida por las caracter\u00edsticas propias de la diocesanidad, es decir, por las caracter\u00edsticas particulares del pueblo de Dios y de los santos, especialmente de los santos sacerdotes, de una Iglesia particular\u201d. En este contexto, concluye el Papa, el seminario se califica como un &#8220;camino que educa a la confrontaci\u00f3n constante con Cristo&#8221; y a considerar la pertenencia al &#8220;\u00fanico presbiterio como dimensi\u00f3n previa de actuar pastoral y testimonio de comuni\u00f3n, \u00a0indispensables para servir al misterio de la Iglesia y su misi\u00f3n en el mundo&#8221;. \u00a0Papa Francisco. Diciembre 2019 &nbsp;<\/p>\n","protected":false},"author":1,"featured_media":0,"comment_status":"open","ping_status":"open","sticky":false,"template":"","format":"standard","meta":{"footnotes":""},"categories":[1],"tags":[],"class_list":["post-5754","post","type-post","status-publish","format-standard","hentry","category-sin-categorizar"],"aioseo_notices":[],"acf":[],"_links":{"self":[{"href":"https:\/\/vicaria6.bizkeliza.net\/index.php?rest_route=\/wp\/v2\/posts\/5754","targetHints":{"allow":["GET"]}}],"collection":[{"href":"https:\/\/vicaria6.bizkeliza.net\/index.php?rest_route=\/wp\/v2\/posts"}],"about":[{"href":"https:\/\/vicaria6.bizkeliza.net\/index.php?rest_route=\/wp\/v2\/types\/post"}],"author":[{"embeddable":true,"href":"https:\/\/vicaria6.bizkeliza.net\/index.php?rest_route=\/wp\/v2\/users\/1"}],"replies":[{"embeddable":true,"href":"https:\/\/vicaria6.bizkeliza.net\/index.php?rest_route=%2Fwp%2Fv2%2Fcomments&post=5754"}],"version-history":[{"count":6,"href":"https:\/\/vicaria6.bizkeliza.net\/index.php?rest_route=\/wp\/v2\/posts\/5754\/revisions"}],"predecessor-version":[{"id":5762,"href":"https:\/\/vicaria6.bizkeliza.net\/index.php?rest_route=\/wp\/v2\/posts\/5754\/revisions\/5762"}],"wp:attachment":[{"href":"https:\/\/vicaria6.bizkeliza.net\/index.php?rest_route=%2Fwp%2Fv2%2Fmedia&parent=5754"}],"wp:term":[{"taxonomy":"category","embeddable":true,"href":"https:\/\/vicaria6.bizkeliza.net\/index.php?rest_route=%2Fwp%2Fv2%2Fcategories&post=5754"},{"taxonomy":"post_tag","embeddable":true,"href":"https:\/\/vicaria6.bizkeliza.net\/index.php?rest_route=%2Fwp%2Fv2%2Ftags&post=5754"}],"curies":[{"name":"wp","href":"https:\/\/api.w.org\/{rel}","templated":true}]}}