{"id":5799,"date":"2022-10-02T21:05:38","date_gmt":"2022-10-02T21:05:38","guid":{"rendered":"https:\/\/vicaria6.bizkeliza.net\/?p=5799"},"modified":"2022-10-19T17:39:36","modified_gmt":"2022-10-19T17:39:36","slug":"preparando-el-camino-a-la-jmj-lisboa-2023","status":"publish","type":"post","link":"https:\/\/vicaria6.bizkeliza.net\/?p=5799","title":{"rendered":"Preparando el camino a la JMJ-Lisboa 2023"},"content":{"rendered":"<div>\n<div><img fetchpriority=\"high\" decoding=\"async\" class=\"wp-image-5806 alignleft\" src=\"https:\/\/vicaria6.bizkeliza.net\/wp-content\/uploads\/2022\/10\/Publi-camino-a-la-JMJ-pag-1-724x1024.jpg\" alt=\"Jornada Mundial de la Juventud 2023\" width=\"482\" height=\"682\" srcset=\"https:\/\/vicaria6.bizkeliza.net\/wp-content\/uploads\/2022\/10\/Publi-camino-a-la-JMJ-pag-1-724x1024.jpg 724w, https:\/\/vicaria6.bizkeliza.net\/wp-content\/uploads\/2022\/10\/Publi-camino-a-la-JMJ-pag-1-212x300.jpg 212w, https:\/\/vicaria6.bizkeliza.net\/wp-content\/uploads\/2022\/10\/Publi-camino-a-la-JMJ-pag-1-768x1086.jpg 768w, https:\/\/vicaria6.bizkeliza.net\/wp-content\/uploads\/2022\/10\/Publi-camino-a-la-JMJ-pag-1-1086x1536.jpg 1086w, https:\/\/vicaria6.bizkeliza.net\/wp-content\/uploads\/2022\/10\/Publi-camino-a-la-JMJ-pag-1-1140x1612.jpg 1140w, https:\/\/vicaria6.bizkeliza.net\/wp-content\/uploads\/2022\/10\/Publi-camino-a-la-JMJ-pag-1.jpg 1414w\" sizes=\"(max-width: 482px) 100vw, 482px\" \/>Misa joven, voluntariados y excursiones son s\u00f3lo algunas de las iniciativas que j\u00f3venes de Las Arenas han puesto en marcha para animar a otros j\u00f3venes de Getxo y del resto de la vicar\u00eda a participar en la JMJ de 2023, que se celebrar\u00e1 en Lisboa del 1 al 6 de agosto.<\/div>\n<div><strong>La primera de ellas se realiz\u00f3 el pasado 9 de octubre.<\/strong><\/div>\n<div>Consisti\u00f3 en un <strong>voluntariado en la Zona Minera<\/strong> seguido de la primera misa joven del curso (para m\u00e1s detalles ver imagen).<\/div>\n<div>Por el momento han programado actividades hasta Diciembre (ver imagen con calendario), pero ya est\u00e1n pensando en la programaci\u00f3n de 2023.<\/div>\n<div>Con este tipo de iniciativas se busca, adem\u00e1s, ofrecer a j\u00f3venes de m\u00e1s de 18 a\u00f1os la posibilidad de encontrarse con otros j\u00f3venes cristianos de la vicar\u00eda VI. As\u00ed que, se vaya o no a la JMJ, esperamos que esta iniciativa sirva para crear grupo.<\/div>\n<div>Quien desee m\u00e1s informaci\u00f3n puede ponerse en contacto con Jose Eizaguirre, responsable de juventud de la vicar\u00eda VI.<\/div>\n<\/div>\n<p style=\"text-align: center;\"><span style=\"font-family: verdana, geneva, sans-serif;\"><strong>Jos\u00e9 Eizaguirre Salaberria<\/strong><\/span><\/p>\n<p style=\"text-align: center;\"><span style=\"font-family: verdana, geneva, sans-serif;\"><strong>Responsable de juventud- Vicar\u00eda VI<\/strong><\/span><\/p>\n<div>\n<div dir=\"ltr\" data-smartmail=\"gmail_signature\">\n<div dir=\"ltr\">\n<div style=\"text-align: center;\"><span style=\"font-family: verdana, geneva, sans-serif;\"><strong>Tlf.: 688 72 27 75<\/strong><\/span><\/div>\n<div><\/div>\n<\/div>\n<div><img decoding=\"async\" class=\"alignnone size-large wp-image-5804\" src=\"https:\/\/vicaria6.bizkeliza.net\/wp-content\/uploads\/2022\/10\/Publi-camino-a-la-JMJ-pag-2-724x1024.jpg\" alt=\"Calendario actividades \" width=\"724\" height=\"1024\" srcset=\"https:\/\/vicaria6.bizkeliza.net\/wp-content\/uploads\/2022\/10\/Publi-camino-a-la-JMJ-pag-2-724x1024.jpg 724w, https:\/\/vicaria6.bizkeliza.net\/wp-content\/uploads\/2022\/10\/Publi-camino-a-la-JMJ-pag-2-212x300.jpg 212w, https:\/\/vicaria6.bizkeliza.net\/wp-content\/uploads\/2022\/10\/Publi-camino-a-la-JMJ-pag-2-768x1086.jpg 768w, https:\/\/vicaria6.bizkeliza.net\/wp-content\/uploads\/2022\/10\/Publi-camino-a-la-JMJ-pag-2-1086x1536.jpg 1086w, https:\/\/vicaria6.bizkeliza.net\/wp-content\/uploads\/2022\/10\/Publi-camino-a-la-JMJ-pag-2-1140x1612.jpg 1140w, https:\/\/vicaria6.bizkeliza.net\/wp-content\/uploads\/2022\/10\/Publi-camino-a-la-JMJ-pag-2.jpg 1414w\" sizes=\"(max-width: 724px) 100vw, 724px\" \/><\/div>\n<div dir=\"ltr\">\n<div><\/div>\n<\/div>\n<\/div>\n<\/div>\n","protected":false},"excerpt":{"rendered":"<p>Misa joven, voluntariados y excursiones son s\u00f3lo algunas de las iniciativas que j\u00f3venes de Las Arenas han puesto en marcha para animar a otros j\u00f3venes de Getxo y del resto de la vicar\u00eda a participar en la JMJ de 2023, que se celebrar\u00e1 en Lisboa del 1 al 6 de agosto. La primera de ellas se realiz\u00f3 el pasado 9 de octubre. Consisti\u00f3 en un voluntariado en la Zona Minera seguido de la primera misa joven del curso (para m\u00e1s detalles ver imagen). Por el momento han programado actividades hasta Diciembre (ver imagen con calendario), pero ya est\u00e1n pensando en la programaci\u00f3n de 2023. Con este tipo de iniciativas se busca, adem\u00e1s, ofrecer a j\u00f3venes de m\u00e1s de 18 a\u00f1os la posibilidad de encontrarse con otros j\u00f3venes cristianos de la vicar\u00eda VI. As\u00ed que, se vaya o no a la JMJ, esperamos que esta iniciativa sirva para crear grupo. Quien desee m\u00e1s informaci\u00f3n puede ponerse en contacto con Jose Eizaguirre, responsable de juventud de la vicar\u00eda VI. Jos\u00e9 Eizaguirre Salaberria Responsable de juventud- Vicar\u00eda VI Tlf.: 688 72 27 75<\/p>\n","protected":false},"author":1,"featured_media":5806,"comment_status":"open","ping_status":"open","sticky":false,"template":"","format":"standard","meta":{"footnotes":""},"categories":[1],"tags":[],"class_list":["post-5799","post","type-post","status-publish","format-standard","has-post-thumbnail","hentry","category-sin-categorizar"],"aioseo_notices":[],"acf":[],"_links":{"self":[{"href":"https:\/\/vicaria6.bizkeliza.net\/index.php?rest_route=\/wp\/v2\/posts\/5799","targetHints":{"allow":["GET"]}}],"collection":[{"href":"https:\/\/vicaria6.bizkeliza.net\/index.php?rest_route=\/wp\/v2\/posts"}],"about":[{"href":"https:\/\/vicaria6.bizkeliza.net\/index.php?rest_route=\/wp\/v2\/types\/post"}],"author":[{"embeddable":true,"href":"https:\/\/vicaria6.bizkeliza.net\/index.php?rest_route=\/wp\/v2\/users\/1"}],"replies":[{"embeddable":true,"href":"https:\/\/vicaria6.bizkeliza.net\/index.php?rest_route=%2Fwp%2Fv2%2Fcomments&post=5799"}],"version-history":[{"count":5,"href":"https:\/\/vicaria6.bizkeliza.net\/index.php?rest_route=\/wp\/v2\/posts\/5799\/revisions"}],"predecessor-version":[{"id":5869,"href":"https:\/\/vicaria6.bizkeliza.net\/index.php?rest_route=\/wp\/v2\/posts\/5799\/revisions\/5869"}],"wp:featuredmedia":[{"embeddable":true,"href":"https:\/\/vicaria6.bizkeliza.net\/index.php?rest_route=\/wp\/v2\/media\/5806"}],"wp:attachment":[{"href":"https:\/\/vicaria6.bizkeliza.net\/index.php?rest_route=%2Fwp%2Fv2%2Fmedia&parent=5799"}],"wp:term":[{"taxonomy":"category","embeddable":true,"href":"https:\/\/vicaria6.bizkeliza.net\/index.php?rest_route=%2Fwp%2Fv2%2Fcategories&post=5799"},{"taxonomy":"post_tag","embeddable":true,"href":"https:\/\/vicaria6.bizkeliza.net\/index.php?rest_route=%2Fwp%2Fv2%2Ftags&post=5799"}],"curies":[{"name":"wp","href":"https:\/\/api.w.org\/{rel}","templated":true}]}}