{"id":5951,"date":"2022-11-20T19:13:08","date_gmt":"2022-11-20T19:13:08","guid":{"rendered":"https:\/\/vicaria6.bizkeliza.net\/?p=5951"},"modified":"2022-11-20T19:43:05","modified_gmt":"2022-11-20T19:43:05","slug":"reconocimiento-al-abade-del-txorierri-jesus-mari-gorrotxategi","status":"publish","type":"post","link":"https:\/\/vicaria6.bizkeliza.net\/?p=5951","title":{"rendered":"Reconocimiento al &#8220;abade&#8221; del Txorierri- Jesus Mari Gorrotxategi"},"content":{"rendered":"<div class=\"bbnx-grid wrapper\">\n<div class=\"bbnx-grid-cell\">\n<div class=\"headline-article\">\n<h6 class=\"h1 headline-article__head\"><span style=\"font-family: verdana, geneva, sans-serif; font-size: 12pt;\">Hoy hac\u00eda publico el diario Deia la noticia de los premios a nueve personas y agrupaciones cuya trayectoria merece un &#8220;profundo reconocimiento&#8221;. Entre ellos\u00a0 &#8220;Jerry&#8221; , Jesus Mari Gorrotxtegi, el\u00a0 &#8220;abade&#8221; de Txorerri.<\/span><\/h6>\n<p><span style=\"font-family: verdana, geneva, sans-serif; font-size: 12pt;\">Queremos felicitarle y sumarnos a ese reconocimiento. Os compartimos la noticia del Deia y hacemos menci\u00f3n a sus palabras.\u00a0<\/span><\/p>\n<h3 style=\"text-align: center;\"><span style=\"font-family: 'arial black', sans-serif; font-size: 14pt; color: #0000ff;\">Zorionak abade!!!!<\/span><\/h3>\n<div class=\"ad no-baldomero\">\n<div id=\"pc-div-gpt-ad_980_gtm\" class=\"loaded isInViewport\" data-google-query-id=\"CKeH3Ka3vfsCFY-R1QodSicNEg\"><\/div>\n<\/div>\n<\/div>\n<div class=\"article-entry-author\">\n<article class=\"article-author\">\n<div class=\"signature\">\n<p class=\"article-author__meta-article\"><span style=\"font-family: verdana, geneva, sans-serif; font-size: 12pt; color: #0000ff;\"><a style=\"color: #0000ff;\" href=\"https:\/\/www.deia.eus\/bizkaia\/hemendik-sariak\/2022\/11\/20\/hemendik-sariak-legado-txorierri-6245314.html\">Deia<\/a><\/span><\/p>\n<\/div>\n<\/article>\n<\/div>\n<\/div>\n<\/div>\n<div class=\"bbnx-grid wrapper\">\n<div class=\"row\">\n<div class=\"bbnx-grid-cell col-8 col-md-8 col-xs-12\">\n<div class=\"bbnx-module\">\n<div class=\"article-body \">\n<div class=\"article-body--seo-closed\">\n<article class=\"article-photo article-photo-- \">\n<p class=\"article-photo__footer\"><span style=\"font-family: verdana, geneva, sans-serif; font-size: 12pt; color: #0000ff;\"><a style=\"color: #0000ff;\" href=\"https:\/\/www.deia.eus\/bizkaia\/hemendik-sariak\/2022\/11\/20\/hemendik-sariak-legado-txorierri-6245314.html\"><em>Jes\u00fas Mari Gorrotxategi<\/em>\u00a0BORJA GUERRERO | CARLOS Z\u00c1RATE<\/a><\/span><\/p>\n<\/article>\n<p class=\"article-body__text \"><span style=\"font-family: verdana, geneva, sans-serif; font-size: 12pt;\">&#8220;Una de las distinciones recaer\u00e1 en Jes\u00fas Mari Gorrotxategi, cura que lleva un cuarto de siglo de vida dedicado a a ayudar a los dem\u00e1s en varios municipios de Txorierri. Durante 25 a\u00f1os ha sido p\u00e1rroco en\u00a0<a class=\"link copy\" title=\"Loiu\" href=\"https:\/\/www.deia.eus\/uribe-txorierri-mungialdea\/loiu\/\">Loiu<\/a>, adem\u00e1s de\u00a0<a class=\"link copy\" title=\"Sondika\" href=\"https:\/\/www.deia.eus\/uribe-txorierri-mungialdea\/sondika\/\">Sondika\u00a0<\/a>y Erandio La Campa, y ahora no se ha desligado del todo de la iglesia.\u00a0\u201cSigo echando una mano en lo que se necesite y aqu\u00ed me tienen para lo que haga falta y cuando haga falta\u201d, apunta para rengl\u00f3n seguido a\u00f1adir: \u201cSoy jubilado en activo\u201d.<\/span><\/p>\n<div id=\"intext-sunmedia-1\">\n<div id=\"sm-it-main-container-1668970420129\" class=\"sm-it-main-container\" data-it=\"5ddb468b-9bc9-479e-9c04-26302f1c7374\" data-device=\"desktop\" data-index=\"0\">\n<div id=\"sm-reference-1668970420129\" class=\"sm-reference\"><span style=\"font-family: verdana, geneva, sans-serif; font-size: 12pt;\">Hombre de gran humanidad, tiene un especial recuerdo para todas aquellas asociaciones culturales, sociales y deportivas de los municipios en los que ha estado y con las que siempre se ha involucrado para echar una mano en los bancos de alimentos, las agrupaciones de jubilados o equipos de f\u00fatbol, entre otros. \u201cHa sido algo muy importante en mi vida\u201d, reconoce.&#8221;<\/span><\/div>\n<\/div>\n<\/div>\n<\/div>\n<\/div>\n<\/div>\n<\/div>\n<\/div>\n<\/div>\n<p>&nbsp;<\/p>\n","protected":false},"excerpt":{"rendered":"<p>Hoy hac\u00eda publico el diario Deia la noticia de los premios a nueve personas y agrupaciones cuya trayectoria merece un &#8220;profundo reconocimiento&#8221;. Entre ellos\u00a0 &#8220;Jerry&#8221; , Jesus Mari Gorrotxtegi, el\u00a0 &#8220;abade&#8221; de Txorerri. Queremos felicitarle y sumarnos a ese reconocimiento. Os compartimos la noticia del Deia y hacemos menci\u00f3n a sus palabras.\u00a0 Zorionak abade!!!! Deia Jes\u00fas Mari Gorrotxategi\u00a0BORJA GUERRERO | CARLOS Z\u00c1RATE &#8220;Una de las distinciones recaer\u00e1 en Jes\u00fas Mari Gorrotxategi, cura que lleva un cuarto de siglo de vida dedicado a a ayudar a los dem\u00e1s en varios municipios de Txorierri. Durante 25 a\u00f1os ha sido p\u00e1rroco en\u00a0Loiu, adem\u00e1s de\u00a0Sondika\u00a0y Erandio La Campa, y ahora no se ha desligado del todo de la iglesia.\u00a0\u201cSigo echando una mano en lo que se necesite y aqu\u00ed me tienen para lo que haga falta y cuando haga falta\u201d, apunta para rengl\u00f3n seguido a\u00f1adir: \u201cSoy jubilado en activo\u201d. Hombre de gran humanidad, tiene un especial recuerdo para todas aquellas asociaciones culturales, sociales y deportivas de los municipios en los que ha estado y con las que siempre se ha involucrado para echar una mano en los bancos de alimentos, las agrupaciones de jubilados o equipos de f\u00fatbol, entre otros. \u201cHa sido algo muy importante en mi vida\u201d, reconoce.&#8221; &nbsp;<\/p>\n","protected":false},"author":1,"featured_media":0,"comment_status":"open","ping_status":"open","sticky":false,"template":"","format":"standard","meta":{"footnotes":""},"categories":[1],"tags":[],"class_list":["post-5951","post","type-post","status-publish","format-standard","hentry","category-sin-categorizar"],"aioseo_notices":[],"acf":[],"_links":{"self":[{"href":"https:\/\/vicaria6.bizkeliza.net\/index.php?rest_route=\/wp\/v2\/posts\/5951","targetHints":{"allow":["GET"]}}],"collection":[{"href":"https:\/\/vicaria6.bizkeliza.net\/index.php?rest_route=\/wp\/v2\/posts"}],"about":[{"href":"https:\/\/vicaria6.bizkeliza.net\/index.php?rest_route=\/wp\/v2\/types\/post"}],"author":[{"embeddable":true,"href":"https:\/\/vicaria6.bizkeliza.net\/index.php?rest_route=\/wp\/v2\/users\/1"}],"replies":[{"embeddable":true,"href":"https:\/\/vicaria6.bizkeliza.net\/index.php?rest_route=%2Fwp%2Fv2%2Fcomments&post=5951"}],"version-history":[{"count":2,"href":"https:\/\/vicaria6.bizkeliza.net\/index.php?rest_route=\/wp\/v2\/posts\/5951\/revisions"}],"predecessor-version":[{"id":5953,"href":"https:\/\/vicaria6.bizkeliza.net\/index.php?rest_route=\/wp\/v2\/posts\/5951\/revisions\/5953"}],"wp:attachment":[{"href":"https:\/\/vicaria6.bizkeliza.net\/index.php?rest_route=%2Fwp%2Fv2%2Fmedia&parent=5951"}],"wp:term":[{"taxonomy":"category","embeddable":true,"href":"https:\/\/vicaria6.bizkeliza.net\/index.php?rest_route=%2Fwp%2Fv2%2Fcategories&post=5951"},{"taxonomy":"post_tag","embeddable":true,"href":"https:\/\/vicaria6.bizkeliza.net\/index.php?rest_route=%2Fwp%2Fv2%2Ftags&post=5951"}],"curies":[{"name":"wp","href":"https:\/\/api.w.org\/{rel}","templated":true}]}}