{"id":5967,"date":"2022-11-29T09:43:49","date_gmt":"2022-11-29T09:43:49","guid":{"rendered":"https:\/\/vicaria6.bizkeliza.net\/?p=5967"},"modified":"2022-11-29T09:43:49","modified_gmt":"2022-11-29T09:43:49","slug":"algunas-imagenes-entranables","status":"publish","type":"post","link":"https:\/\/vicaria6.bizkeliza.net\/?p=5967","title":{"rendered":"Algunas im\u00e1genes entra\u00f1ables"},"content":{"rendered":"<p>&#8221; En el <strong>centro cultural Josu Murueta de Astrabudua<\/strong>, en donde se celebr\u00f3 la gala de los\u00a0<a class=\"link copy\" title=\"XV Laboral Kutxa DEIA Hemendik Sariak\" href=\"https:\/\/www.deia.eus\/tags\/deia-hemendik-sariak\/\">XV Laboral Kutxa DEIA Hemendik Sariak<\/a>. El objetivo era<strong>\u00a0reconocer a nueve personas y agrupacione<\/strong>s, adem\u00e1s de una empresa, cuya trayectoria, proyectos personales, deportivos, culturales, sociales o econ\u00f3micos merece un gran reconocimiento.Eestos premios que s reconocen a<strong>\u00a0vecinos que dejan huella<\/strong>, como\u00a0<strong>Jes\u00fas Mari Gorrotxategi, p\u00e1rroco de Loiu, que se ha retirado, pero no del todo<\/strong>\u2026 \u201cSoy un jubilado en activo&#8221; &#8220;<a href=\"https:\/\/www.deia.eus\/bizkaia\/hemendik-sariak\/2022\/11\/25\/txorierri-fiel-reflejo-innovacion-6256104.html\"> Deia\u00a0<\/a><\/p>\n<figure id=\"attachment_5968\" aria-describedby=\"caption-attachment-5968\" style=\"width: 423px\" class=\"wp-caption alignnone\"><img fetchpriority=\"high\" decoding=\"async\" class=\"wp-image-5968 \" src=\"https:\/\/vicaria6.bizkeliza.net\/wp-content\/uploads\/2022\/11\/WhatsApp-Image-2022-11-29-at-10.37.48-300x225.jpeg\" alt=\"\" width=\"423\" height=\"317\" srcset=\"https:\/\/vicaria6.bizkeliza.net\/wp-content\/uploads\/2022\/11\/WhatsApp-Image-2022-11-29-at-10.37.48-300x225.jpeg 300w, https:\/\/vicaria6.bizkeliza.net\/wp-content\/uploads\/2022\/11\/WhatsApp-Image-2022-11-29-at-10.37.48-1024x768.jpeg 1024w, https:\/\/vicaria6.bizkeliza.net\/wp-content\/uploads\/2022\/11\/WhatsApp-Image-2022-11-29-at-10.37.48-768x576.jpeg 768w, https:\/\/vicaria6.bizkeliza.net\/wp-content\/uploads\/2022\/11\/WhatsApp-Image-2022-11-29-at-10.37.48-1536x1152.jpeg 1536w, https:\/\/vicaria6.bizkeliza.net\/wp-content\/uploads\/2022\/11\/WhatsApp-Image-2022-11-29-at-10.37.48-1140x855.jpeg 1140w, https:\/\/vicaria6.bizkeliza.net\/wp-content\/uploads\/2022\/11\/WhatsApp-Image-2022-11-29-at-10.37.48.jpeg 2048w\" sizes=\"(max-width: 423px) 100vw, 423px\" \/><figcaption id=\"caption-attachment-5968\" class=\"wp-caption-text\">Jesus Mari junto a amigos y compa\u00f1eros, entre otros el actual vicario de la vicar\u00eda VI F\u00e9lix Larrondo<\/figcaption><\/figure>\n<figure id=\"attachment_5970\" aria-describedby=\"caption-attachment-5970\" style=\"width: 299px\" class=\"wp-caption alignright\"><img decoding=\"async\" class=\"wp-image-5970\" src=\"https:\/\/vicaria6.bizkeliza.net\/wp-content\/uploads\/2022\/11\/WhatsApp-Image-2022-11-29-at-10.37.48-1-225x300.jpeg\" alt=\"\" width=\"299\" height=\"399\" srcset=\"https:\/\/vicaria6.bizkeliza.net\/wp-content\/uploads\/2022\/11\/WhatsApp-Image-2022-11-29-at-10.37.48-1-225x300.jpeg 225w, https:\/\/vicaria6.bizkeliza.net\/wp-content\/uploads\/2022\/11\/WhatsApp-Image-2022-11-29-at-10.37.48-1-768x1024.jpeg 768w, https:\/\/vicaria6.bizkeliza.net\/wp-content\/uploads\/2022\/11\/WhatsApp-Image-2022-11-29-at-10.37.48-1-1152x1536.jpeg 1152w, https:\/\/vicaria6.bizkeliza.net\/wp-content\/uploads\/2022\/11\/WhatsApp-Image-2022-11-29-at-10.37.48-1-1140x1520.jpeg 1140w, https:\/\/vicaria6.bizkeliza.net\/wp-content\/uploads\/2022\/11\/WhatsApp-Image-2022-11-29-at-10.37.48-1.jpeg 1200w\" sizes=\"(max-width: 299px) 100vw, 299px\" \/><figcaption id=\"caption-attachment-5970\" class=\"wp-caption-text\">Momento de la recogia del premio junto al alcalde de Erandio<\/figcaption><\/figure>\n","protected":false},"excerpt":{"rendered":"<p>&#8221; En el centro cultural Josu Murueta de Astrabudua, en donde se celebr\u00f3 la gala de los\u00a0XV Laboral Kutxa DEIA Hemendik Sariak. El objetivo era\u00a0reconocer a nueve personas y agrupaciones, adem\u00e1s de una empresa, cuya trayectoria, proyectos personales, deportivos, culturales, sociales o econ\u00f3micos merece un gran reconocimiento.Eestos premios que s reconocen a\u00a0vecinos que dejan huella, como\u00a0Jes\u00fas Mari Gorrotxategi, p\u00e1rroco de Loiu, que se ha retirado, pero no del todo\u2026 \u201cSoy un jubilado en activo&#8221; &#8220; Deia\u00a0<\/p>\n","protected":false},"author":1,"featured_media":0,"comment_status":"open","ping_status":"open","sticky":false,"template":"","format":"standard","meta":{"footnotes":""},"categories":[1],"tags":[],"class_list":["post-5967","post","type-post","status-publish","format-standard","hentry","category-sin-categorizar"],"aioseo_notices":[],"acf":[],"_links":{"self":[{"href":"https:\/\/vicaria6.bizkeliza.net\/index.php?rest_route=\/wp\/v2\/posts\/5967","targetHints":{"allow":["GET"]}}],"collection":[{"href":"https:\/\/vicaria6.bizkeliza.net\/index.php?rest_route=\/wp\/v2\/posts"}],"about":[{"href":"https:\/\/vicaria6.bizkeliza.net\/index.php?rest_route=\/wp\/v2\/types\/post"}],"author":[{"embeddable":true,"href":"https:\/\/vicaria6.bizkeliza.net\/index.php?rest_route=\/wp\/v2\/users\/1"}],"replies":[{"embeddable":true,"href":"https:\/\/vicaria6.bizkeliza.net\/index.php?rest_route=%2Fwp%2Fv2%2Fcomments&post=5967"}],"version-history":[{"count":1,"href":"https:\/\/vicaria6.bizkeliza.net\/index.php?rest_route=\/wp\/v2\/posts\/5967\/revisions"}],"predecessor-version":[{"id":5972,"href":"https:\/\/vicaria6.bizkeliza.net\/index.php?rest_route=\/wp\/v2\/posts\/5967\/revisions\/5972"}],"wp:attachment":[{"href":"https:\/\/vicaria6.bizkeliza.net\/index.php?rest_route=%2Fwp%2Fv2%2Fmedia&parent=5967"}],"wp:term":[{"taxonomy":"category","embeddable":true,"href":"https:\/\/vicaria6.bizkeliza.net\/index.php?rest_route=%2Fwp%2Fv2%2Fcategories&post=5967"},{"taxonomy":"post_tag","embeddable":true,"href":"https:\/\/vicaria6.bizkeliza.net\/index.php?rest_route=%2Fwp%2Fv2%2Ftags&post=5967"}],"curies":[{"name":"wp","href":"https:\/\/api.w.org\/{rel}","templated":true}]}}