{"id":5973,"date":"2022-11-29T09:56:04","date_gmt":"2022-11-29T09:56:04","guid":{"rendered":"https:\/\/vicaria6.bizkeliza.net\/?p=5973"},"modified":"2022-11-29T09:57:13","modified_gmt":"2022-11-29T09:57:13","slug":"la-unidad-pastoral-de-leioa-ofrece-su-retiro-de-adviento","status":"publish","type":"post","link":"https:\/\/vicaria6.bizkeliza.net\/?p=5973","title":{"rendered":"La Unidad Pastoral de Leioa ofrece su Retiro de Adviento"},"content":{"rendered":"<p>La <strong>Unidad Pastoral de Leioa<\/strong> compuesta entre otras por las\u00a0 comunidades de San Bartolom\u00e9, San Juan Bautista y\u00a0 San M\u00e1ximo (Lamiako) ofrece este s\u00e1bado d\u00eda 3 de Diciembre un tiempo de Retiro de Adviento guiado por\u00a0 \u00a0<strong>Jaime Asenjo<\/strong>.\u00a0 Presbitero y profesor de Sagrada Escritura\u00a0 en el Instituto Diocesano de Teolog\u00eda y Pastoral y en la Universidad de Deusto, ahora\u00a0 jubilado.<\/p>\n<p>El horario ser\u00e1 de 10 a 12:30 de la ma\u00f1ana en la parroquia de San Juan Bautista (Leioa).La invitaci\u00f3n es abierta y\u00a0 y la localizaci\u00f3n cuenta con espacio para aparcar.<\/p>\n<p>&nbsp;<\/p>\n<p><img fetchpriority=\"high\" decoding=\"async\" class=\"wp-image-5974 aligncenter\" src=\"https:\/\/vicaria6.bizkeliza.net\/wp-content\/uploads\/2022\/11\/WhatsApp-Image-2022-11-29-at-10.53.48-e1669715676718-300x222.jpeg\" alt=\"\" width=\"466\" height=\"345\" srcset=\"https:\/\/vicaria6.bizkeliza.net\/wp-content\/uploads\/2022\/11\/WhatsApp-Image-2022-11-29-at-10.53.48-e1669715676718-300x222.jpeg 300w, https:\/\/vicaria6.bizkeliza.net\/wp-content\/uploads\/2022\/11\/WhatsApp-Image-2022-11-29-at-10.53.48-e1669715676718-768x568.jpeg 768w, https:\/\/vicaria6.bizkeliza.net\/wp-content\/uploads\/2022\/11\/WhatsApp-Image-2022-11-29-at-10.53.48-e1669715676718.jpeg 974w\" sizes=\"(max-width: 466px) 100vw, 466px\" \/><\/p>\n<p>&nbsp;<\/p>\n<p>&nbsp;<\/p>\n","protected":false},"excerpt":{"rendered":"<p>La Unidad Pastoral de Leioa compuesta entre otras por las\u00a0 comunidades de San Bartolom\u00e9, San Juan Bautista y\u00a0 San M\u00e1ximo (Lamiako) ofrece este s\u00e1bado d\u00eda 3 de Diciembre un tiempo de Retiro de Adviento guiado por\u00a0 \u00a0Jaime Asenjo.\u00a0 Presbitero y profesor de Sagrada Escritura\u00a0 en el Instituto Diocesano de Teolog\u00eda y Pastoral y en la Universidad de Deusto, ahora\u00a0 jubilado. El horario ser\u00e1 de 10 a 12:30 de la ma\u00f1ana en la parroquia de San Juan Bautista (Leioa).La invitaci\u00f3n es abierta y\u00a0 y la localizaci\u00f3n cuenta con espacio para aparcar. &nbsp; &nbsp; &nbsp;<\/p>\n","protected":false},"author":1,"featured_media":0,"comment_status":"open","ping_status":"open","sticky":false,"template":"","format":"standard","meta":{"footnotes":""},"categories":[1],"tags":[],"class_list":["post-5973","post","type-post","status-publish","format-standard","hentry","category-sin-categorizar"],"aioseo_notices":[],"acf":[],"_links":{"self":[{"href":"https:\/\/vicaria6.bizkeliza.net\/index.php?rest_route=\/wp\/v2\/posts\/5973","targetHints":{"allow":["GET"]}}],"collection":[{"href":"https:\/\/vicaria6.bizkeliza.net\/index.php?rest_route=\/wp\/v2\/posts"}],"about":[{"href":"https:\/\/vicaria6.bizkeliza.net\/index.php?rest_route=\/wp\/v2\/types\/post"}],"author":[{"embeddable":true,"href":"https:\/\/vicaria6.bizkeliza.net\/index.php?rest_route=\/wp\/v2\/users\/1"}],"replies":[{"embeddable":true,"href":"https:\/\/vicaria6.bizkeliza.net\/index.php?rest_route=%2Fwp%2Fv2%2Fcomments&post=5973"}],"version-history":[{"count":2,"href":"https:\/\/vicaria6.bizkeliza.net\/index.php?rest_route=\/wp\/v2\/posts\/5973\/revisions"}],"predecessor-version":[{"id":5977,"href":"https:\/\/vicaria6.bizkeliza.net\/index.php?rest_route=\/wp\/v2\/posts\/5973\/revisions\/5977"}],"wp:attachment":[{"href":"https:\/\/vicaria6.bizkeliza.net\/index.php?rest_route=%2Fwp%2Fv2%2Fmedia&parent=5973"}],"wp:term":[{"taxonomy":"category","embeddable":true,"href":"https:\/\/vicaria6.bizkeliza.net\/index.php?rest_route=%2Fwp%2Fv2%2Fcategories&post=5973"},{"taxonomy":"post_tag","embeddable":true,"href":"https:\/\/vicaria6.bizkeliza.net\/index.php?rest_route=%2Fwp%2Fv2%2Ftags&post=5973"}],"curies":[{"name":"wp","href":"https:\/\/api.w.org\/{rel}","templated":true}]}}