{"id":6168,"date":"2022-12-19T16:05:36","date_gmt":"2022-12-19T16:05:36","guid":{"rendered":"https:\/\/vicaria6.bizkeliza.net\/?p=6168"},"modified":"2022-12-28T16:08:36","modified_gmt":"2022-12-28T16:08:36","slug":"villancicos-que-hablan-de-navidad","status":"publish","type":"post","link":"https:\/\/vicaria6.bizkeliza.net\/?p=6168","title":{"rendered":"Villancicos que hablan de Navidad"},"content":{"rendered":"<p>El pasado sabado 17, en la <strong>parroquia de San Lorenzo de Astrabudua<\/strong> celebramos el tradicional festival de villancicos.<\/p>\n<p style=\"text-align: center;\"><img fetchpriority=\"high\" decoding=\"async\" class=\"alignnone size-large wp-image-6169\" src=\"https:\/\/vicaria6.bizkeliza.net\/wp-content\/uploads\/2022\/12\/IMG-20221222-WA0007-1024x576.jpg\" alt=\"\" width=\"960\" height=\"540\" srcset=\"https:\/\/vicaria6.bizkeliza.net\/wp-content\/uploads\/2022\/12\/IMG-20221222-WA0007-1024x576.jpg 1024w, https:\/\/vicaria6.bizkeliza.net\/wp-content\/uploads\/2022\/12\/IMG-20221222-WA0007-300x169.jpg 300w, https:\/\/vicaria6.bizkeliza.net\/wp-content\/uploads\/2022\/12\/IMG-20221222-WA0007-768x432.jpg 768w, https:\/\/vicaria6.bizkeliza.net\/wp-content\/uploads\/2022\/12\/IMG-20221222-WA0007-1140x642.jpg 1140w, https:\/\/vicaria6.bizkeliza.net\/wp-content\/uploads\/2022\/12\/IMG-20221222-WA0007.jpg 1242w\" sizes=\"(max-width: 960px) 100vw, 960px\" \/>En esta ocasi\u00f3n el hilo conductor fue el relato de la anunciaci\u00f3n y nacimiento de Jes\u00fas en Belen, altern\u00e1ndolo con los villancicos cantados por los ni\u00f1os y ni\u00f1as de catequesis, los grupos de postcomuni\u00f3n y j\u00f3venes de la parroquia\u2026 Hasta los monitores y los miembros de GUA (que organizamos el festival) nos atrevimos a cantar a la navidad.<br \/>\nTambi\u00e9n hubo un momento especial para presentar las postales de navidad dibujadas por los ni\u00f1os y ni\u00f1as y los \u201cvideo Cristsmas\u201d recibidos.<br \/>\nAl finalizar el festival, todos salimos el coraz\u00f3n abierto a celebrar unas navidades m\u00e1s cercanas a Jes\u00fas nacido entre nosotros.<\/p>\n","protected":false},"excerpt":{"rendered":"<p>El pasado sabado 17, en la parroquia de San Lorenzo de Astrabudua celebramos el tradicional festival de villancicos. En esta ocasi\u00f3n el hilo conductor fue el relato de la anunciaci\u00f3n y nacimiento de Jes\u00fas en Belen, altern\u00e1ndolo con los villancicos cantados por los ni\u00f1os y ni\u00f1as de catequesis, los grupos de postcomuni\u00f3n y j\u00f3venes de la parroquia\u2026 Hasta los monitores y los miembros de GUA (que organizamos el festival) nos atrevimos a cantar a la navidad. Tambi\u00e9n hubo un momento especial para presentar las postales de navidad dibujadas por los ni\u00f1os y ni\u00f1as y los \u201cvideo Cristsmas\u201d recibidos. Al finalizar el festival, todos salimos el coraz\u00f3n abierto a celebrar unas navidades m\u00e1s cercanas a Jes\u00fas nacido entre nosotros.<\/p>\n","protected":false},"author":1,"featured_media":0,"comment_status":"open","ping_status":"open","sticky":false,"template":"","format":"standard","meta":{"footnotes":""},"categories":[1],"tags":[],"class_list":["post-6168","post","type-post","status-publish","format-standard","hentry","category-sin-categorizar"],"aioseo_notices":[],"acf":[],"_links":{"self":[{"href":"https:\/\/vicaria6.bizkeliza.net\/index.php?rest_route=\/wp\/v2\/posts\/6168","targetHints":{"allow":["GET"]}}],"collection":[{"href":"https:\/\/vicaria6.bizkeliza.net\/index.php?rest_route=\/wp\/v2\/posts"}],"about":[{"href":"https:\/\/vicaria6.bizkeliza.net\/index.php?rest_route=\/wp\/v2\/types\/post"}],"author":[{"embeddable":true,"href":"https:\/\/vicaria6.bizkeliza.net\/index.php?rest_route=\/wp\/v2\/users\/1"}],"replies":[{"embeddable":true,"href":"https:\/\/vicaria6.bizkeliza.net\/index.php?rest_route=%2Fwp%2Fv2%2Fcomments&post=6168"}],"version-history":[{"count":3,"href":"https:\/\/vicaria6.bizkeliza.net\/index.php?rest_route=\/wp\/v2\/posts\/6168\/revisions"}],"predecessor-version":[{"id":6173,"href":"https:\/\/vicaria6.bizkeliza.net\/index.php?rest_route=\/wp\/v2\/posts\/6168\/revisions\/6173"}],"wp:attachment":[{"href":"https:\/\/vicaria6.bizkeliza.net\/index.php?rest_route=%2Fwp%2Fv2%2Fmedia&parent=6168"}],"wp:term":[{"taxonomy":"category","embeddable":true,"href":"https:\/\/vicaria6.bizkeliza.net\/index.php?rest_route=%2Fwp%2Fv2%2Fcategories&post=6168"},{"taxonomy":"post_tag","embeddable":true,"href":"https:\/\/vicaria6.bizkeliza.net\/index.php?rest_route=%2Fwp%2Fv2%2Ftags&post=6168"}],"curies":[{"name":"wp","href":"https:\/\/api.w.org\/{rel}","templated":true}]}}