{"id":6210,"date":"2023-01-14T19:29:02","date_gmt":"2023-01-14T19:29:02","guid":{"rendered":"https:\/\/vicaria6.bizkeliza.net\/?p=6210"},"modified":"2023-01-14T19:29:02","modified_gmt":"2023-01-14T19:29:02","slug":"albisteak-noticias","status":"publish","type":"post","link":"https:\/\/vicaria6.bizkeliza.net\/?p=6210","title":{"rendered":"Albisteak- Noticias"},"content":{"rendered":"<p><strong>DESDE PASTORAL CON J\u00d3V<\/strong><strong>ENES VICARIA VI<\/strong>:<\/p>\n<p><strong><img fetchpriority=\"high\" decoding=\"async\" class=\" wp-image-6211 alignleft\" src=\"https:\/\/vicaria6.bizkeliza.net\/wp-content\/uploads\/2023\/01\/WhatsApp-Image-2023-01-13-at-21.45.12-1024x768.jpeg\" alt=\"jovenes- voluntariado- Vicaria VI\" width=\"489\" height=\"367\" srcset=\"https:\/\/vicaria6.bizkeliza.net\/wp-content\/uploads\/2023\/01\/WhatsApp-Image-2023-01-13-at-21.45.12-1024x768.jpeg 1024w, https:\/\/vicaria6.bizkeliza.net\/wp-content\/uploads\/2023\/01\/WhatsApp-Image-2023-01-13-at-21.45.12-300x225.jpeg 300w, https:\/\/vicaria6.bizkeliza.net\/wp-content\/uploads\/2023\/01\/WhatsApp-Image-2023-01-13-at-21.45.12-768x576.jpeg 768w, https:\/\/vicaria6.bizkeliza.net\/wp-content\/uploads\/2023\/01\/WhatsApp-Image-2023-01-13-at-21.45.12-1536x1152.jpeg 1536w, https:\/\/vicaria6.bizkeliza.net\/wp-content\/uploads\/2023\/01\/WhatsApp-Image-2023-01-13-at-21.45.12-1140x855.jpeg 1140w, https:\/\/vicaria6.bizkeliza.net\/wp-content\/uploads\/2023\/01\/WhatsApp-Image-2023-01-13-at-21.45.12.jpeg 2000w\" sizes=\"(max-width: 489px) 100vw, 489px\" \/><\/strong><\/p>\n<p>&nbsp;<\/p>\n<p>Hoy hemos tenido encuentro de todos los chavales de confirmaci\u00f3n que inician ya ma\u00f1ana varias experiencias de voluntariado. Hay gente de Mungia, Sopelana, Las Arenas, Algorta y Astrabudua. Hoy nos hemos juntado en San Ignacio y hemos hecho encuentro de env\u00edo a los servicios con testimonio y oraci\u00f3n. Tanto monitores como chavales han quedado muy contentos.<br \/>\nLas experiencias de voluntariado duran de enero a marzo. En total, ir\u00e1n seis veces a cada sitio.Est\u00e1n participando de la experiencia 5 chavales de Las Arenas, 5 de Astrabudua, 4 de Mungia, 5 de Sopelana y 11 de Algorta.<\/p>\n<p><strong>DESDE C\u00c1RITAS VICARIA VI:<\/strong><\/p>\n<p><img decoding=\"async\" class=\" wp-image-6213 alignleft\" src=\"https:\/\/vicaria6.bizkeliza.net\/wp-content\/uploads\/2023\/01\/WhatsApp-Image-2023-01-13-at-13.33.34-1024x576.jpeg\" alt=\"C\u00e1ritas- VICARIA VI\" width=\"461\" height=\"259\" srcset=\"https:\/\/vicaria6.bizkeliza.net\/wp-content\/uploads\/2023\/01\/WhatsApp-Image-2023-01-13-at-13.33.34-1024x576.jpeg 1024w, https:\/\/vicaria6.bizkeliza.net\/wp-content\/uploads\/2023\/01\/WhatsApp-Image-2023-01-13-at-13.33.34-300x169.jpeg 300w, https:\/\/vicaria6.bizkeliza.net\/wp-content\/uploads\/2023\/01\/WhatsApp-Image-2023-01-13-at-13.33.34-768x432.jpeg 768w, https:\/\/vicaria6.bizkeliza.net\/wp-content\/uploads\/2023\/01\/WhatsApp-Image-2023-01-13-at-13.33.34-1536x864.jpeg 1536w, https:\/\/vicaria6.bizkeliza.net\/wp-content\/uploads\/2023\/01\/WhatsApp-Image-2023-01-13-at-13.33.34-1140x641.jpeg 1140w, https:\/\/vicaria6.bizkeliza.net\/wp-content\/uploads\/2023\/01\/WhatsApp-Image-2023-01-13-at-13.33.34.jpeg 2048w\" sizes=\"(max-width: 461px) 100vw, 461px\" \/><\/p>\n<p>El otro d\u00eda nos juntamos con las personas que est\u00e1n acudiendo a los equipos ministeriales de las UPs o a los consejos de UPs, representando a Caritas. La idea era entender cual es el cometido de estos espacios, c\u00f3mo participar como miembros de caritas y como poder ayudarles en esta tarea de representaci\u00f3n y de corresponsabilidad.<\/p>\n<p>&nbsp;<\/p>\n<p>&nbsp;<\/p>\n","protected":false},"excerpt":{"rendered":"<p>DESDE PASTORAL CON J\u00d3VENES VICARIA VI: &nbsp; Hoy hemos tenido encuentro de todos los chavales de confirmaci\u00f3n que inician ya ma\u00f1ana varias experiencias de voluntariado. Hay gente de Mungia, Sopelana, Las Arenas, Algorta y Astrabudua. Hoy nos hemos juntado en San Ignacio y hemos hecho encuentro de env\u00edo a los servicios con testimonio y oraci\u00f3n. Tanto monitores como chavales han quedado muy contentos. Las experiencias de voluntariado duran de enero a marzo. En total, ir\u00e1n seis veces a cada sitio.Est\u00e1n participando de la experiencia 5 chavales de Las Arenas, 5 de Astrabudua, 4 de Mungia, 5 de Sopelana y 11 de Algorta. DESDE C\u00c1RITAS VICARIA VI: El otro d\u00eda nos juntamos con las personas que est\u00e1n acudiendo a los equipos ministeriales de las UPs o a los consejos de UPs, representando a Caritas. La idea era entender cual es el cometido de estos espacios, c\u00f3mo participar como miembros de caritas y como poder ayudarles en esta tarea de representaci\u00f3n y de corresponsabilidad. &nbsp; &nbsp;<\/p>\n","protected":false},"author":1,"featured_media":0,"comment_status":"open","ping_status":"open","sticky":false,"template":"","format":"standard","meta":{"footnotes":""},"categories":[1],"tags":[],"class_list":["post-6210","post","type-post","status-publish","format-standard","hentry","category-sin-categorizar"],"aioseo_notices":[],"acf":[],"_links":{"self":[{"href":"https:\/\/vicaria6.bizkeliza.net\/index.php?rest_route=\/wp\/v2\/posts\/6210","targetHints":{"allow":["GET"]}}],"collection":[{"href":"https:\/\/vicaria6.bizkeliza.net\/index.php?rest_route=\/wp\/v2\/posts"}],"about":[{"href":"https:\/\/vicaria6.bizkeliza.net\/index.php?rest_route=\/wp\/v2\/types\/post"}],"author":[{"embeddable":true,"href":"https:\/\/vicaria6.bizkeliza.net\/index.php?rest_route=\/wp\/v2\/users\/1"}],"replies":[{"embeddable":true,"href":"https:\/\/vicaria6.bizkeliza.net\/index.php?rest_route=%2Fwp%2Fv2%2Fcomments&post=6210"}],"version-history":[{"count":1,"href":"https:\/\/vicaria6.bizkeliza.net\/index.php?rest_route=\/wp\/v2\/posts\/6210\/revisions"}],"predecessor-version":[{"id":6215,"href":"https:\/\/vicaria6.bizkeliza.net\/index.php?rest_route=\/wp\/v2\/posts\/6210\/revisions\/6215"}],"wp:attachment":[{"href":"https:\/\/vicaria6.bizkeliza.net\/index.php?rest_route=%2Fwp%2Fv2%2Fmedia&parent=6210"}],"wp:term":[{"taxonomy":"category","embeddable":true,"href":"https:\/\/vicaria6.bizkeliza.net\/index.php?rest_route=%2Fwp%2Fv2%2Fcategories&post=6210"},{"taxonomy":"post_tag","embeddable":true,"href":"https:\/\/vicaria6.bizkeliza.net\/index.php?rest_route=%2Fwp%2Fv2%2Ftags&post=6210"}],"curies":[{"name":"wp","href":"https:\/\/api.w.org\/{rel}","templated":true}]}}