{"id":6221,"date":"2023-01-15T19:11:23","date_gmt":"2023-01-15T19:11:23","guid":{"rendered":"https:\/\/vicaria6.bizkeliza.net\/?p=6221"},"modified":"2023-01-15T19:11:23","modified_gmt":"2023-01-15T19:11:23","slug":"carta-desde-el-vaticano","status":"publish","type":"post","link":"https:\/\/vicaria6.bizkeliza.net\/?p=6221","title":{"rendered":"CARTA DESDE EL VATICANO"},"content":{"rendered":"<p>Esta ma\u00f1ana compartiamos en la eucarist\u00eda dominical la alegr\u00eda de <strong>una familia de Gorliz<\/strong> que tras escribir al Papa Francisco para compartir con \u00e9l algunas cuestiones personales recibi\u00f3 el pasado 30 de Diciembre respuesta desde Roma. Nuestro Papa se ha mostrado cercano,\u00a0 cuidadoso\u00a0 y generoso en oraci\u00f3n y s\u00faplica ante las inquietudes mostradas por la familia.<\/p>\n<p>Ha sido para todos una gran notic\u00eda que\u00a0 nos reconfirma en el talante cercano del Papa.\u00a0 Francisco\u00a0 es un Papa que cuida lo peque\u00f1o revelando lo grande que late en su interior. Damos gracias a Dios por el Santo Padre y pedimos que le guarde, rezamo por \u00e9l.<\/p>\n<div id='gallery-1' class='gallery galleryid-6221 gallery-columns-3 gallery-size-thumbnail'><figure class='gallery-item'>\n\t\t\t<div class='gallery-icon portrait'>\n\t\t\t\t<a href='https:\/\/vicaria6.bizkeliza.net\/?attachment_id=6222'><img decoding=\"async\" width=\"150\" height=\"150\" src=\"https:\/\/vicaria6.bizkeliza.net\/wp-content\/uploads\/2023\/01\/WhatsApp-Image-2023-01-15-at-20.07.42-2-150x150.jpeg\" class=\"attachment-thumbnail size-thumbnail\" alt=\"\" srcset=\"https:\/\/vicaria6.bizkeliza.net\/wp-content\/uploads\/2023\/01\/WhatsApp-Image-2023-01-15-at-20.07.42-2-150x150.jpeg 150w, https:\/\/vicaria6.bizkeliza.net\/wp-content\/uploads\/2023\/01\/WhatsApp-Image-2023-01-15-at-20.07.42-2-100x100.jpeg 100w, https:\/\/vicaria6.bizkeliza.net\/wp-content\/uploads\/2023\/01\/WhatsApp-Image-2023-01-15-at-20.07.42-2-75x75.jpeg 75w\" sizes=\"(max-width: 150px) 100vw, 150px\" \/><\/a>\n\t\t\t<\/div><\/figure><figure class='gallery-item'>\n\t\t\t<div class='gallery-icon portrait'>\n\t\t\t\t<a href='https:\/\/vicaria6.bizkeliza.net\/?attachment_id=6224'><img decoding=\"async\" width=\"150\" height=\"150\" src=\"https:\/\/vicaria6.bizkeliza.net\/wp-content\/uploads\/2023\/01\/WhatsApp-Image-2023-01-15-at-20.07.42-1-150x150.jpeg\" class=\"attachment-thumbnail size-thumbnail\" alt=\"\" srcset=\"https:\/\/vicaria6.bizkeliza.net\/wp-content\/uploads\/2023\/01\/WhatsApp-Image-2023-01-15-at-20.07.42-1-150x150.jpeg 150w, https:\/\/vicaria6.bizkeliza.net\/wp-content\/uploads\/2023\/01\/WhatsApp-Image-2023-01-15-at-20.07.42-1-100x100.jpeg 100w, https:\/\/vicaria6.bizkeliza.net\/wp-content\/uploads\/2023\/01\/WhatsApp-Image-2023-01-15-at-20.07.42-1-75x75.jpeg 75w\" sizes=\"(max-width: 150px) 100vw, 150px\" \/><\/a>\n\t\t\t<\/div><\/figure><figure class='gallery-item'>\n\t\t\t<div class='gallery-icon portrait'>\n\t\t\t\t<a href='https:\/\/vicaria6.bizkeliza.net\/?attachment_id=6226'><img decoding=\"async\" width=\"150\" height=\"150\" src=\"https:\/\/vicaria6.bizkeliza.net\/wp-content\/uploads\/2023\/01\/WhatsApp-Image-2023-01-15-at-20.07.42-150x150.jpeg\" class=\"attachment-thumbnail size-thumbnail\" alt=\"\" srcset=\"https:\/\/vicaria6.bizkeliza.net\/wp-content\/uploads\/2023\/01\/WhatsApp-Image-2023-01-15-at-20.07.42-150x150.jpeg 150w, https:\/\/vicaria6.bizkeliza.net\/wp-content\/uploads\/2023\/01\/WhatsApp-Image-2023-01-15-at-20.07.42-100x100.jpeg 100w, https:\/\/vicaria6.bizkeliza.net\/wp-content\/uploads\/2023\/01\/WhatsApp-Image-2023-01-15-at-20.07.42-75x75.jpeg 75w\" sizes=\"(max-width: 150px) 100vw, 150px\" \/><\/a>\n\t\t\t<\/div><\/figure>\n\t\t<\/div>\n\n","protected":false},"excerpt":{"rendered":"<p>Esta ma\u00f1ana compartiamos en la eucarist\u00eda dominical la alegr\u00eda de una familia de Gorliz que tras escribir al Papa Francisco para compartir con \u00e9l algunas cuestiones personales recibi\u00f3 el pasado 30 de Diciembre respuesta desde Roma. Nuestro Papa se ha mostrado cercano,\u00a0 cuidadoso\u00a0 y generoso en oraci\u00f3n y s\u00faplica ante las inquietudes mostradas por la familia. Ha sido para todos una gran notic\u00eda que\u00a0 nos reconfirma en el talante cercano del Papa.\u00a0 Francisco\u00a0 es un Papa que cuida lo peque\u00f1o revelando lo grande que late en su interior. Damos gracias a Dios por el Santo Padre y pedimos que le guarde, rezamo por \u00e9l.<\/p>\n","protected":false},"author":1,"featured_media":0,"comment_status":"open","ping_status":"open","sticky":false,"template":"","format":"standard","meta":{"footnotes":""},"categories":[1],"tags":[],"class_list":["post-6221","post","type-post","status-publish","format-standard","hentry","category-sin-categorizar"],"aioseo_notices":[],"acf":[],"_links":{"self":[{"href":"https:\/\/vicaria6.bizkeliza.net\/index.php?rest_route=\/wp\/v2\/posts\/6221","targetHints":{"allow":["GET"]}}],"collection":[{"href":"https:\/\/vicaria6.bizkeliza.net\/index.php?rest_route=\/wp\/v2\/posts"}],"about":[{"href":"https:\/\/vicaria6.bizkeliza.net\/index.php?rest_route=\/wp\/v2\/types\/post"}],"author":[{"embeddable":true,"href":"https:\/\/vicaria6.bizkeliza.net\/index.php?rest_route=\/wp\/v2\/users\/1"}],"replies":[{"embeddable":true,"href":"https:\/\/vicaria6.bizkeliza.net\/index.php?rest_route=%2Fwp%2Fv2%2Fcomments&post=6221"}],"version-history":[{"count":1,"href":"https:\/\/vicaria6.bizkeliza.net\/index.php?rest_route=\/wp\/v2\/posts\/6221\/revisions"}],"predecessor-version":[{"id":6228,"href":"https:\/\/vicaria6.bizkeliza.net\/index.php?rest_route=\/wp\/v2\/posts\/6221\/revisions\/6228"}],"wp:attachment":[{"href":"https:\/\/vicaria6.bizkeliza.net\/index.php?rest_route=%2Fwp%2Fv2%2Fmedia&parent=6221"}],"wp:term":[{"taxonomy":"category","embeddable":true,"href":"https:\/\/vicaria6.bizkeliza.net\/index.php?rest_route=%2Fwp%2Fv2%2Fcategories&post=6221"},{"taxonomy":"post_tag","embeddable":true,"href":"https:\/\/vicaria6.bizkeliza.net\/index.php?rest_route=%2Fwp%2Fv2%2Ftags&post=6221"}],"curies":[{"name":"wp","href":"https:\/\/api.w.org\/{rel}","templated":true}]}}