{"id":6235,"date":"2023-01-28T21:48:57","date_gmt":"2023-01-28T21:48:57","guid":{"rendered":"https:\/\/vicaria6.bizkeliza.net\/?p=6235"},"modified":"2023-01-28T22:57:51","modified_gmt":"2023-01-28T22:57:51","slug":"hoy-en-nuestra-vicaria","status":"publish","type":"post","link":"https:\/\/vicaria6.bizkeliza.net\/?p=6235","title":{"rendered":"FORMACI\u00d3N PARA LA PROTECCI\u00d3N A MENORES Y PERSONAS VULNERABLES"},"content":{"rendered":"<p>En el d\u00eda de hoy , 28 de Enero. han sido muchas\u00a0 y variadas las ocasiones de encuentro, formaci\u00f3n en nuestra vicar\u00eda. 12 parejas han participado en el encuentro prematrimonial,\u00a0 2o j\u00f3venes han participado de la actividad de voluntariado que llevan realizando a lo largo del curso &#8230; Pero\u00a0 hoy queremos poner un \u00e9nfasis especial en la <strong>Formaci\u00f3n<img decoding=\"async\" class=\" wp-image-6236 alignleft\" src=\"https:\/\/vicaria6.bizkeliza.net\/wp-content\/uploads\/2023\/01\/WhatsApp-Image-2023-01-28-at-22.38.22-724x1024.jpeg\" alt=\"Formaci\u00f3n para la proteccion de menores y personas vulnerables\" width=\"185\" height=\"262\" srcset=\"https:\/\/vicaria6.bizkeliza.net\/wp-content\/uploads\/2023\/01\/WhatsApp-Image-2023-01-28-at-22.38.22-724x1024.jpeg 724w, https:\/\/vicaria6.bizkeliza.net\/wp-content\/uploads\/2023\/01\/WhatsApp-Image-2023-01-28-at-22.38.22-212x300.jpeg 212w, https:\/\/vicaria6.bizkeliza.net\/wp-content\/uploads\/2023\/01\/WhatsApp-Image-2023-01-28-at-22.38.22-768x1086.jpeg 768w, https:\/\/vicaria6.bizkeliza.net\/wp-content\/uploads\/2023\/01\/WhatsApp-Image-2023-01-28-at-22.38.22-1086x1536.jpeg 1086w, https:\/\/vicaria6.bizkeliza.net\/wp-content\/uploads\/2023\/01\/WhatsApp-Image-2023-01-28-at-22.38.22.jpeg 1131w\" sizes=\"(max-width: 185px) 100vw, 185px\" \/> para la Protecci\u00f3n a menores y personas vulnerables<\/strong> que se ha impartido en el sal\u00f3n de actos de la parroquia de los PP Trinitarios de Algorta.\u00a0 Desde la Comisi\u00f3n Diocesana constituida a tal fin nos han ofrecido una interesante propuesta de formaci\u00f3n y reflexi\u00f3n en torno a lo que hacemos y podemos hacer para que nuestras comunidades sigan siendo lugar de acogida y cercan\u00eda\u00a0 del amor de Dios para menores y personas vulnerables en condiciones de seguridad.<\/p>\n<p>Ha habido tiempo para las preguntas, la participaci\u00f3n individual, relfexi\u00f3n grupal y las cuatro horas que ha durado la jornada, ha sido un tiempo muy bien aprovechado por el grupo de 38 personas procedentes de equipos ministeriales de las distintas comunidades parroquiales de la Vicaria VI.\u00a0 Sacerdotes responsables de las diversas \u00e1reas pastorales han\u00a0 compartido sus inquietudes y propuestas agradeciendo enormemente la jornada que Mar\u00eda G\u00f3mez (Psi\u0107ologa\u00a0 &#8211; <a href=\"https:\/\/www.centrofamiliarlagungo.org\/\">Lagungo<\/a> ) y Genma Escapa han preparado y dinamizado con gran acierto. Nos han ayudado a tomar conciencia de la necesidad de prevenir para que esto no vuelva a pasar, as\u00ed como planear que hacer para ello.<\/p>\n<div id='gallery-1' class='gallery galleryid-6235 gallery-columns-2 gallery-size-medium'><figure class='gallery-item'>\n\t\t\t<div class='gallery-icon landscape'>\n\t\t\t\t<a href='https:\/\/vicaria6.bizkeliza.net\/?attachment_id=6240'><img fetchpriority=\"high\" decoding=\"async\" width=\"300\" height=\"225\" src=\"https:\/\/vicaria6.bizkeliza.net\/wp-content\/uploads\/2023\/01\/WhatsApp-Image-2023-01-28-at-21.47.54-300x225.jpeg\" class=\"attachment-medium size-medium\" alt=\"\" aria-describedby=\"gallery-1-6240\" srcset=\"https:\/\/vicaria6.bizkeliza.net\/wp-content\/uploads\/2023\/01\/WhatsApp-Image-2023-01-28-at-21.47.54-300x225.jpeg 300w, https:\/\/vicaria6.bizkeliza.net\/wp-content\/uploads\/2023\/01\/WhatsApp-Image-2023-01-28-at-21.47.54-1024x768.jpeg 1024w, https:\/\/vicaria6.bizkeliza.net\/wp-content\/uploads\/2023\/01\/WhatsApp-Image-2023-01-28-at-21.47.54-768x576.jpeg 768w, https:\/\/vicaria6.bizkeliza.net\/wp-content\/uploads\/2023\/01\/WhatsApp-Image-2023-01-28-at-21.47.54-1536x1153.jpeg 1536w, https:\/\/vicaria6.bizkeliza.net\/wp-content\/uploads\/2023\/01\/WhatsApp-Image-2023-01-28-at-21.47.54-1140x856.jpeg 1140w, https:\/\/vicaria6.bizkeliza.net\/wp-content\/uploads\/2023\/01\/WhatsApp-Image-2023-01-28-at-21.47.54.jpeg 1599w\" sizes=\"(max-width: 300px) 100vw, 300px\" \/><\/a>\n\t\t\t<\/div>\n\t\t\t\t<figcaption class='wp-caption-text gallery-caption' id='gallery-1-6240'>\n\t\t\t\tFormaci\u00f3n Protecci\u00f3n de Menores y Personas Vulnerables\n\t\t\t\t<\/figcaption><\/figure><figure class='gallery-item'>\n\t\t\t<div class='gallery-icon landscape'>\n\t\t\t\t<a href='https:\/\/vicaria6.bizkeliza.net\/?attachment_id=6238'><img decoding=\"async\" width=\"300\" height=\"225\" src=\"https:\/\/vicaria6.bizkeliza.net\/wp-content\/uploads\/2023\/01\/WhatsApp-Image-2023-01-28-at-21.50.22-300x225.jpeg\" class=\"attachment-medium size-medium\" alt=\"CHARLA PROTECCI\u00d3N MENORES\" aria-describedby=\"gallery-1-6238\" srcset=\"https:\/\/vicaria6.bizkeliza.net\/wp-content\/uploads\/2023\/01\/WhatsApp-Image-2023-01-28-at-21.50.22-300x225.jpeg 300w, https:\/\/vicaria6.bizkeliza.net\/wp-content\/uploads\/2023\/01\/WhatsApp-Image-2023-01-28-at-21.50.22-1024x768.jpeg 1024w, https:\/\/vicaria6.bizkeliza.net\/wp-content\/uploads\/2023\/01\/WhatsApp-Image-2023-01-28-at-21.50.22-768x576.jpeg 768w, https:\/\/vicaria6.bizkeliza.net\/wp-content\/uploads\/2023\/01\/WhatsApp-Image-2023-01-28-at-21.50.22-1536x1153.jpeg 1536w, https:\/\/vicaria6.bizkeliza.net\/wp-content\/uploads\/2023\/01\/WhatsApp-Image-2023-01-28-at-21.50.22-1140x856.jpeg 1140w, https:\/\/vicaria6.bizkeliza.net\/wp-content\/uploads\/2023\/01\/WhatsApp-Image-2023-01-28-at-21.50.22.jpeg 1599w\" sizes=\"(max-width: 300px) 100vw, 300px\" \/><\/a>\n\t\t\t<\/div>\n\t\t\t\t<figcaption class='wp-caption-text gallery-caption' id='gallery-1-6238'>\n\t\t\t\tPonentes:  Comisi\u00f3n Diocesana \n\t\t\t\t<\/figcaption><\/figure>\n\t\t<\/div>\n\n<p>Damos gracias por esta oportunidad de formaci\u00f3n y dejamos la puerta abierta a futuras formaciones que nos ayuden a hacer de nuestras comunidades espacios seguros.<\/p>\n<p><a href=\"https:\/\/diocesisdebilbao-my.sharepoint.com\/personal\/webbizkeliza_bizkeliza_org\/_layouts\/15\/onedrive.aspx?id=%2Fpersonal%2Fwebbizkeliza%5Fbizkeliza%5Forg%2FDocuments%2Fdocumentos%2F%5Fvicaria%5Fgeneral%2Fproteccionmenores%2F201117%5Fguia%5Fprevencion%5Fabusos%5Fcast%2Epdf&amp;parent=%2Fpersonal%2Fwebbizkeliza%5Fbizkeliza%5Forg%2FDocuments%2Fdocumentos%2F%5Fvicaria%5Fgeneral%2Fproteccionmenores&amp;ga=1\">DESCAR<\/a><a href=\"https:\/\/diocesisdebilbao-my.sharepoint.com\/personal\/webbizkeliza_bizkeliza_org\/_layouts\/15\/onedrive.aspx?id=%2Fpersonal%2Fwebbizkeliza%5Fbizkeliza%5Forg%2FDocuments%2Fdocumentos%2F%5Fvicaria%5Fgeneral%2Fproteccionmenores%2F201117%5Fguia%5Fprevencion%5Fabusos%5Fcast%2Epdf&amp;parent=%2Fpersonal%2Fwebbizkeliza%5Fbizkeliza%5Forg%2FDocuments%2Fdocumentos%2F%5Fvicaria%5Fgeneral%2Fproteccionmenores&amp;ga=1\">GA GUIA PARA LA PROTECCI\u00d3N DE MENORES<\/a><\/p>\n<p><img loading=\"lazy\" decoding=\"async\" class=\"aligncenter\" src=\"https:\/\/static.wixstatic.com\/media\/1ce3e3_8a423383e29743088d49b478a01530fa~mv2.png\/v1\/fill\/w_223,h_315,al_c,q_85,usm_0.66_1.00_0.01,enc_auto\/Captura%20de%20pantalla%202020-11-18%20a%20las%2019_.png\" alt=\"UNIDAD PASTORAL SANTUTXU\" width=\"149\" height=\"210\" \/><\/p>\n<p>&nbsp;<\/p>\n","protected":false},"excerpt":{"rendered":"<p>En el d\u00eda de hoy , 28 de Enero. han sido muchas\u00a0 y variadas las ocasiones de encuentro, formaci\u00f3n en nuestra vicar\u00eda. 12 parejas han participado en el encuentro prematrimonial,\u00a0 2o j\u00f3venes han participado de la actividad de voluntariado que llevan realizando a lo largo del curso &#8230; Pero\u00a0 hoy queremos poner un \u00e9nfasis especial en la Formaci\u00f3n para la Protecci\u00f3n a menores y personas vulnerables que se ha impartido en el sal\u00f3n de actos de la parroquia de los PP Trinitarios de Algorta.\u00a0 Desde la Comisi\u00f3n Diocesana constituida a tal fin nos han ofrecido una interesante propuesta de formaci\u00f3n y reflexi\u00f3n en torno a lo que hacemos y podemos hacer para que nuestras comunidades sigan siendo lugar de acogida y cercan\u00eda\u00a0 del amor de Dios para menores y personas vulnerables en condiciones de seguridad. Ha habido tiempo para las preguntas, la participaci\u00f3n individual, relfexi\u00f3n grupal y las cuatro horas que ha durado la jornada, ha sido un tiempo muy bien aprovechado por el grupo de 38 personas procedentes de equipos ministeriales de las distintas comunidades parroquiales de la Vicaria VI.\u00a0 Sacerdotes responsables de las diversas \u00e1reas pastorales han\u00a0 compartido sus inquietudes y propuestas agradeciendo enormemente la jornada que Mar\u00eda G\u00f3mez (Psi\u0107ologa\u00a0 &#8211; Lagungo ) y Genma Escapa han preparado y dinamizado con gran acierto. Nos han ayudado a tomar conciencia de la necesidad de prevenir para que esto no vuelva a pasar, as\u00ed como planear que hacer para ello. Damos gracias por esta oportunidad de formaci\u00f3n y dejamos la puerta abierta a futuras formaciones que nos ayuden a hacer de nuestras comunidades espacios seguros. DESCARGA GUIA PARA LA PROTECCI\u00d3N DE MENORES &nbsp;<\/p>\n","protected":false},"author":1,"featured_media":0,"comment_status":"open","ping_status":"open","sticky":false,"template":"","format":"link","meta":{"footnotes":""},"categories":[1],"tags":[],"class_list":["post-6235","post","type-post","status-publish","format-link","hentry","category-sin-categorizar","post_format-post-format-link"],"aioseo_notices":[],"acf":[],"_links":{"self":[{"href":"https:\/\/vicaria6.bizkeliza.net\/index.php?rest_route=\/wp\/v2\/posts\/6235","targetHints":{"allow":["GET"]}}],"collection":[{"href":"https:\/\/vicaria6.bizkeliza.net\/index.php?rest_route=\/wp\/v2\/posts"}],"about":[{"href":"https:\/\/vicaria6.bizkeliza.net\/index.php?rest_route=\/wp\/v2\/types\/post"}],"author":[{"embeddable":true,"href":"https:\/\/vicaria6.bizkeliza.net\/index.php?rest_route=\/wp\/v2\/users\/1"}],"replies":[{"embeddable":true,"href":"https:\/\/vicaria6.bizkeliza.net\/index.php?rest_route=%2Fwp%2Fv2%2Fcomments&post=6235"}],"version-history":[{"count":7,"href":"https:\/\/vicaria6.bizkeliza.net\/index.php?rest_route=\/wp\/v2\/posts\/6235\/revisions"}],"predecessor-version":[{"id":6248,"href":"https:\/\/vicaria6.bizkeliza.net\/index.php?rest_route=\/wp\/v2\/posts\/6235\/revisions\/6248"}],"wp:attachment":[{"href":"https:\/\/vicaria6.bizkeliza.net\/index.php?rest_route=%2Fwp%2Fv2%2Fmedia&parent=6235"}],"wp:term":[{"taxonomy":"category","embeddable":true,"href":"https:\/\/vicaria6.bizkeliza.net\/index.php?rest_route=%2Fwp%2Fv2%2Fcategories&post=6235"},{"taxonomy":"post_tag","embeddable":true,"href":"https:\/\/vicaria6.bizkeliza.net\/index.php?rest_route=%2Fwp%2Fv2%2Ftags&post=6235"}],"curies":[{"name":"wp","href":"https:\/\/api.w.org\/{rel}","templated":true}]}}