{"id":6258,"date":"2023-02-08T09:35:18","date_gmt":"2023-02-08T09:35:18","guid":{"rendered":"https:\/\/vicaria6.bizkeliza.net\/?p=6258"},"modified":"2023-02-08T09:35:18","modified_gmt":"2023-02-08T09:35:18","slug":"estamos-a-tiempo-de-crecer-en-ternura-mari-patxi-ayerra","status":"publish","type":"post","link":"https:\/\/vicaria6.bizkeliza.net\/?p=6258","title":{"rendered":"Estamos a tiempo de crecer en ternura. Mari Patxi Ayerra"},"content":{"rendered":"<p><img decoding=\"async\" class=\"alignleft\" src=\"https:\/\/s2.qwant.com\/thumbr\/0x0\/d\/a\/dfe7e86857d4111c19528e79b174ca83a3179ba72cfd6c9cb2741d11ee2a7d\/303.jpg?u=https%3A%2F%2Feditorialccs.com%2Fdocumentos%2Fentidades%2F303.jpg&amp;q=0&amp;b=1&amp;p=0&amp;a=0\" alt=\"Editorial CCS - Autor: Mari Patxi Ayerra Rodr\u00edguez\" \/>Hoy queremos recuperar un art\u00edculo que nos dej\u00f3 nuestra quer\u00edda Mari Patxi, por que aquello clama hoy con mayor urgencia. Como dice en su \u00e1rt\u00edculo Mari Paxi, la ternura nos humaniza y diviniza, en un mundo que sufre de su ausencia. Es una manera de vivir y se transmite del mil maneras. Se aprende desde el seno materno y es necesaria para la maduraci\u00f3n y realizaci\u00f3n personal. Toda nuestra historia es una manifestaci\u00f3n de nuestro aprendizaje de la ternura, que comienza en la familia, pero que es necesaria en todos los \u00e1mbitos. Las caricias mejoran a las personas. Porque son una manera de comunicaci\u00f3n, un regalo de s\u00ed mismo. Os dejamos aqu\u00ed su art\u00edculo publicado en Misi\u00f3n Joven en el 2004<\/p>\n<p><a href=\"https:\/\/pastoraljuvenil.es\/misionjoven\/estamos-a-tiempo-de-crecer-en-ternura\/\">Estamos en tiempo de crecer en ternura. Mari Patxi Ayerra<\/a><\/p>\n<p>&nbsp;<\/p>\n","protected":false},"excerpt":{"rendered":"<p>Hoy queremos recuperar un art\u00edculo que nos dej\u00f3 nuestra quer\u00edda Mari Patxi, por que aquello clama hoy con mayor urgencia. Como dice en su \u00e1rt\u00edculo Mari Paxi, la ternura nos humaniza y diviniza, en un mundo que sufre de su ausencia. Es una manera de vivir y se transmite del mil maneras. Se aprende desde el seno materno y es necesaria para la maduraci\u00f3n y realizaci\u00f3n personal. Toda nuestra historia es una manifestaci\u00f3n de nuestro aprendizaje de la ternura, que comienza en la familia, pero que es necesaria en todos los \u00e1mbitos. Las caricias mejoran a las personas. Porque son una manera de comunicaci\u00f3n, un regalo de s\u00ed mismo. Os dejamos aqu\u00ed su art\u00edculo publicado en Misi\u00f3n Joven en el 2004 Estamos en tiempo de crecer en ternura. Mari Patxi Ayerra &nbsp;<\/p>\n","protected":false},"author":1,"featured_media":0,"comment_status":"open","ping_status":"open","sticky":false,"template":"","format":"standard","meta":{"footnotes":""},"categories":[1],"tags":[],"class_list":["post-6258","post","type-post","status-publish","format-standard","hentry","category-sin-categorizar"],"aioseo_notices":[],"acf":[],"_links":{"self":[{"href":"https:\/\/vicaria6.bizkeliza.net\/index.php?rest_route=\/wp\/v2\/posts\/6258","targetHints":{"allow":["GET"]}}],"collection":[{"href":"https:\/\/vicaria6.bizkeliza.net\/index.php?rest_route=\/wp\/v2\/posts"}],"about":[{"href":"https:\/\/vicaria6.bizkeliza.net\/index.php?rest_route=\/wp\/v2\/types\/post"}],"author":[{"embeddable":true,"href":"https:\/\/vicaria6.bizkeliza.net\/index.php?rest_route=\/wp\/v2\/users\/1"}],"replies":[{"embeddable":true,"href":"https:\/\/vicaria6.bizkeliza.net\/index.php?rest_route=%2Fwp%2Fv2%2Fcomments&post=6258"}],"version-history":[{"count":1,"href":"https:\/\/vicaria6.bizkeliza.net\/index.php?rest_route=\/wp\/v2\/posts\/6258\/revisions"}],"predecessor-version":[{"id":6259,"href":"https:\/\/vicaria6.bizkeliza.net\/index.php?rest_route=\/wp\/v2\/posts\/6258\/revisions\/6259"}],"wp:attachment":[{"href":"https:\/\/vicaria6.bizkeliza.net\/index.php?rest_route=%2Fwp%2Fv2%2Fmedia&parent=6258"}],"wp:term":[{"taxonomy":"category","embeddable":true,"href":"https:\/\/vicaria6.bizkeliza.net\/index.php?rest_route=%2Fwp%2Fv2%2Fcategories&post=6258"},{"taxonomy":"post_tag","embeddable":true,"href":"https:\/\/vicaria6.bizkeliza.net\/index.php?rest_route=%2Fwp%2Fv2%2Ftags&post=6258"}],"curies":[{"name":"wp","href":"https:\/\/api.w.org\/{rel}","templated":true}]}}