{"id":6286,"date":"2023-02-16T11:10:43","date_gmt":"2023-02-16T11:10:43","guid":{"rendered":"https:\/\/vicaria6.bizkeliza.net\/?p=6286"},"modified":"2023-02-16T11:10:43","modified_gmt":"2023-02-16T11:10:43","slug":"afinando-la-memoria-parroquia-de-romo-25-f-de-11-a-13-hs","status":"publish","type":"post","link":"https:\/\/vicaria6.bizkeliza.net\/?p=6286","title":{"rendered":"&#8220;Afinando la Memoria&#8221; &#8211; Parroquia de Romo- 25 F- de 11 a 13 hs"},"content":{"rendered":"<h2 dir=\"auto\" style=\"text-align: center;\"><span style=\"color: #000080;\">Bake Topakea<\/span><\/h2>\n<div dir=\"auto\">El pr\u00f3ximo 25 de febrero se celebrar\u00e1 el Bake Topaketa, que este a\u00f1o ser\u00e1 presencial y lo realizaremos para toda la Vicaria VI en el <a href=\"https:\/\/iglesiaslasarenasromo.org\/san-jose-obrero\/\">sal\u00f3n de Acto de la parroquia de Romo- San Jose Obrero- <\/a>: el <strong>25 s\u00e1bado a las 11:00-13:00<\/strong><\/div>\n<div dir=\"auto\"><\/div>\n<div dir=\"auto\">\n<figure id=\"attachment_6287\" aria-describedby=\"caption-attachment-6287\" style=\"width: 316px\" class=\"wp-caption alignleft\"><img fetchpriority=\"high\" decoding=\"async\" class=\" wp-image-6287\" src=\"https:\/\/vicaria6.bizkeliza.net\/wp-content\/uploads\/2023\/02\/IMG-20230216-WA0000.jpg\" alt=\"CANTOS- PAZ Y RECONCILIACION- BAKE TOPAKETA\" width=\"316\" height=\"457\" srcset=\"https:\/\/vicaria6.bizkeliza.net\/wp-content\/uploads\/2023\/02\/IMG-20230216-WA0000.jpg 709w, https:\/\/vicaria6.bizkeliza.net\/wp-content\/uploads\/2023\/02\/IMG-20230216-WA0000-208x300.jpg 208w\" sizes=\"(max-width: 316px) 100vw, 316px\" \/><figcaption id=\"caption-attachment-6287\" class=\"wp-caption-text\">EN FAVOR DE LA PAZ<\/figcaption><\/figure>\n<p>El lema &#8211;<strong>AFINANDO LA MEMORIA \/ MUSIKAGILE, BAKEGILE-<\/strong> est\u00e1 al servicio del objetivo: provocar una reflexi\u00f3n cr\u00edtica de nuestra actitud y sensibilidad hacia la violencia padecida y sus v\u00edctimas, a trav\u00e9s de la evocaci\u00f3n de canciones que nos han acompa\u00f1ado estos 50 a\u00f1os porque, tambi\u00e9n en el terreno musical, hay oportunidades de trabajar en favor de una cultura de la paz y la reconciliaci\u00f3n.<\/p>\n<\/div>\n<div dir=\"auto\"><\/div>\n<div dir=\"auto\">Desde el grupo de Paz y Reconciliaci\u00f3n, deseamos y esperamos que la participaci\u00f3n en este noveno Bake Topaketa sirva, como los ocho anteriores, para avivar nuestro compromiso -personal y comunitario- con la reconciliaci\u00f3n en el comienzo de la cuaresma.<\/div>\n<div dir=\"auto\"><\/div>\n<div dir=\"auto\"><\/div>\n<div dir=\"auto\"><\/div>\n","protected":false},"excerpt":{"rendered":"<p>Bake Topakea El pr\u00f3ximo 25 de febrero se celebrar\u00e1 el Bake Topaketa, que este a\u00f1o ser\u00e1 presencial y lo realizaremos para toda la Vicaria VI en el sal\u00f3n de Acto de la parroquia de Romo- San Jose Obrero- : el 25 s\u00e1bado a las 11:00-13:00 El lema &#8211;AFINANDO LA MEMORIA \/ MUSIKAGILE, BAKEGILE- est\u00e1 al servicio del objetivo: provocar una reflexi\u00f3n cr\u00edtica de nuestra actitud y sensibilidad hacia la violencia padecida y sus v\u00edctimas, a trav\u00e9s de la evocaci\u00f3n de canciones que nos han acompa\u00f1ado estos 50 a\u00f1os porque, tambi\u00e9n en el terreno musical, hay oportunidades de trabajar en favor de una cultura de la paz y la reconciliaci\u00f3n. Desde el grupo de Paz y Reconciliaci\u00f3n, deseamos y esperamos que la participaci\u00f3n en este noveno Bake Topaketa sirva, como los ocho anteriores, para avivar nuestro compromiso -personal y comunitario- con la reconciliaci\u00f3n en el comienzo de la cuaresma.<\/p>\n","protected":false},"author":1,"featured_media":0,"comment_status":"open","ping_status":"open","sticky":false,"template":"","format":"standard","meta":{"footnotes":""},"categories":[1],"tags":[],"class_list":["post-6286","post","type-post","status-publish","format-standard","hentry","category-sin-categorizar"],"aioseo_notices":[],"acf":[],"_links":{"self":[{"href":"https:\/\/vicaria6.bizkeliza.net\/index.php?rest_route=\/wp\/v2\/posts\/6286","targetHints":{"allow":["GET"]}}],"collection":[{"href":"https:\/\/vicaria6.bizkeliza.net\/index.php?rest_route=\/wp\/v2\/posts"}],"about":[{"href":"https:\/\/vicaria6.bizkeliza.net\/index.php?rest_route=\/wp\/v2\/types\/post"}],"author":[{"embeddable":true,"href":"https:\/\/vicaria6.bizkeliza.net\/index.php?rest_route=\/wp\/v2\/users\/1"}],"replies":[{"embeddable":true,"href":"https:\/\/vicaria6.bizkeliza.net\/index.php?rest_route=%2Fwp%2Fv2%2Fcomments&post=6286"}],"version-history":[{"count":2,"href":"https:\/\/vicaria6.bizkeliza.net\/index.php?rest_route=\/wp\/v2\/posts\/6286\/revisions"}],"predecessor-version":[{"id":6297,"href":"https:\/\/vicaria6.bizkeliza.net\/index.php?rest_route=\/wp\/v2\/posts\/6286\/revisions\/6297"}],"wp:attachment":[{"href":"https:\/\/vicaria6.bizkeliza.net\/index.php?rest_route=%2Fwp%2Fv2%2Fmedia&parent=6286"}],"wp:term":[{"taxonomy":"category","embeddable":true,"href":"https:\/\/vicaria6.bizkeliza.net\/index.php?rest_route=%2Fwp%2Fv2%2Fcategories&post=6286"},{"taxonomy":"post_tag","embeddable":true,"href":"https:\/\/vicaria6.bizkeliza.net\/index.php?rest_route=%2Fwp%2Fv2%2Ftags&post=6286"}],"curies":[{"name":"wp","href":"https:\/\/api.w.org\/{rel}","templated":true}]}}