{"id":6291,"date":"2023-02-16T10:42:12","date_gmt":"2023-02-16T10:42:12","guid":{"rendered":"https:\/\/vicaria6.bizkeliza.net\/?p=6291"},"modified":"2023-02-16T10:43:40","modified_gmt":"2023-02-16T10:43:40","slug":"adi-on-conoces-este-servicio-diocesano","status":"publish","type":"post","link":"https:\/\/vicaria6.bizkeliza.net\/?p=6291","title":{"rendered":"ADI-ON \u00bfCONOCES ESTE SERVICIO DIOCESANO DE COMUNICACI\u00d3N?"},"content":{"rendered":"<p>El tiempo de pandem\u00eda nos ense\u00f1\u00f3,entre otras cosas, la importancia de estar comunicados. Hemos aprendido mucho en este tiempo para cubrir esa necesidad: videollamdas, eucarist\u00edas online, cursos por Meet, clases por Teams&#8230;<\/p>\n<p><a href=\"https:\/\/bizkeliza.org\/actualidad\/servicio-de-alertas-sms\/\"><img decoding=\"async\" class=\"alignleft\" src=\"https:\/\/bizkeliza.org\/wp-content\/uploads\/Banner_sms_cast.jpg\" \/><\/a>Hoy la Di\u00f3cesis quiere seguir estando cerca, en contacto, al d\u00eda. Para ello ha puesto en marcha el servicio\u00a0 <a href=\"https:\/\/bizkeliza.org\/actualidad\/servicio-de-alertas-sms\/\"><strong>Adi-On.Adi\u00d8n zerbitzua<\/strong><\/a>.Por medio de la mensajer\u00eda de texto &#8220;SMS&#8221;, hara llegar a las personas suscriptoras alertas de informaciones relevantes relacionadas con la vida de la Iglesia Local de Bilbao.<\/p>\n<p>Si quieres que te llegue esta informaci\u00f3n puedes apuntarte en\u00a0<a href=\"https:\/\/bizkeliza.org\/actualidad\/servicio-de-alertas-sms\/\"> Servicio Adi-OnAdi\u00d8n zerbitzua\u00a0<\/a><\/p>\n<p>&nbsp;<\/p>\n<p>&nbsp;<\/p>\n<p>&nbsp;<\/p>\n<p>&nbsp;<\/p>\n","protected":false},"excerpt":{"rendered":"<p>El tiempo de pandem\u00eda nos ense\u00f1\u00f3,entre otras cosas, la importancia de estar comunicados. Hemos aprendido mucho en este tiempo para cubrir esa necesidad: videollamdas, eucarist\u00edas online, cursos por Meet, clases por Teams&#8230; Hoy la Di\u00f3cesis quiere seguir estando cerca, en contacto, al d\u00eda. Para ello ha puesto en marcha el servicio\u00a0 Adi-On.Adi\u00d8n zerbitzua.Por medio de la mensajer\u00eda de texto &#8220;SMS&#8221;, hara llegar a las personas suscriptoras alertas de informaciones relevantes relacionadas con la vida de la Iglesia Local de Bilbao. Si quieres que te llegue esta informaci\u00f3n puedes apuntarte en\u00a0 Servicio Adi-OnAdi\u00d8n zerbitzua\u00a0 &nbsp; &nbsp; &nbsp; &nbsp;<\/p>\n","protected":false},"author":1,"featured_media":0,"comment_status":"open","ping_status":"open","sticky":false,"template":"","format":"standard","meta":{"footnotes":""},"categories":[1],"tags":[],"class_list":["post-6291","post","type-post","status-publish","format-standard","hentry","category-sin-categorizar"],"aioseo_notices":[],"acf":[],"_links":{"self":[{"href":"https:\/\/vicaria6.bizkeliza.net\/index.php?rest_route=\/wp\/v2\/posts\/6291","targetHints":{"allow":["GET"]}}],"collection":[{"href":"https:\/\/vicaria6.bizkeliza.net\/index.php?rest_route=\/wp\/v2\/posts"}],"about":[{"href":"https:\/\/vicaria6.bizkeliza.net\/index.php?rest_route=\/wp\/v2\/types\/post"}],"author":[{"embeddable":true,"href":"https:\/\/vicaria6.bizkeliza.net\/index.php?rest_route=\/wp\/v2\/users\/1"}],"replies":[{"embeddable":true,"href":"https:\/\/vicaria6.bizkeliza.net\/index.php?rest_route=%2Fwp%2Fv2%2Fcomments&post=6291"}],"version-history":[{"count":2,"href":"https:\/\/vicaria6.bizkeliza.net\/index.php?rest_route=\/wp\/v2\/posts\/6291\/revisions"}],"predecessor-version":[{"id":6293,"href":"https:\/\/vicaria6.bizkeliza.net\/index.php?rest_route=\/wp\/v2\/posts\/6291\/revisions\/6293"}],"wp:attachment":[{"href":"https:\/\/vicaria6.bizkeliza.net\/index.php?rest_route=%2Fwp%2Fv2%2Fmedia&parent=6291"}],"wp:term":[{"taxonomy":"category","embeddable":true,"href":"https:\/\/vicaria6.bizkeliza.net\/index.php?rest_route=%2Fwp%2Fv2%2Fcategories&post=6291"},{"taxonomy":"post_tag","embeddable":true,"href":"https:\/\/vicaria6.bizkeliza.net\/index.php?rest_route=%2Fwp%2Fv2%2Ftags&post=6291"}],"curies":[{"name":"wp","href":"https:\/\/api.w.org\/{rel}","templated":true}]}}