{"id":6301,"date":"2023-02-26T15:46:28","date_gmt":"2023-02-26T15:46:28","guid":{"rendered":"https:\/\/vicaria6.bizkeliza.net\/?p=6301"},"modified":"2023-02-26T16:17:00","modified_gmt":"2023-02-26T16:17:00","slug":"6301","status":"publish","type":"post","link":"https:\/\/vicaria6.bizkeliza.net\/?p=6301","title":{"rendered":"\u00bfSIGUE SIENDO NECESARIO?"},"content":{"rendered":"<p>&nbsp;<\/p>\n<h4><em><span style=\"color: #0000ff;\"><strong>&#8220;No tengan temor a pedir y a ofrecer el perd\u00f3n. No se resistan a la reconciliaci\u00f3n para acercarse, reencontrarse como hermanos y superar las enemistades. Es hora de sanar heridas, de tender puentes, de limar diferencias. Es la hora para desactivar los odios, renunciar a las venganzas y abrirse a la convivencia basada en la justicia, en la verdad y en la creaci\u00f3n de una verdadera cultura del encuentro fraterno. Que podamos habitar en armon\u00eda y fraternidad, como desea el Se\u00f1or\u201d. Papa Francisco<\/strong><\/span><\/em><\/h4>\n<p>Como cada a\u00f1o, en el ante\u00faltimo fin de semana de febrero, celebramos la<em> Jornanda en favor de la Paz y la Reconciliaci\u00f3n<\/em>. El <strong>&#8221; Bake Topaketa&#8221;<\/strong> de esta edici\u00f3n nos propon\u00eda caminar\u00a0 ayudandonos de algunas canciones que han estado presentes a lo largo de estos 60 a\u00f1os en nuestras fiestas, encuentros, radios, conciertos&#8230; y que de una manera u otra reflejaban el sentir y la ideolog\u00eda\u00a0 de muchos, parte o pocos en tiempos de inicios, juventud, madurez y decrepitud\u00a0 de ETA.<\/p>\n<p><img fetchpriority=\"high\" decoding=\"async\" class=\" wp-image-6287 alignleft\" src=\"https:\/\/vicaria6.bizkeliza.net\/wp-content\/uploads\/2023\/02\/IMG-20230216-WA0000.jpg\" alt=\"MUSIKAGILE PAKEGILE\" width=\"284\" height=\"410\" srcset=\"https:\/\/vicaria6.bizkeliza.net\/wp-content\/uploads\/2023\/02\/IMG-20230216-WA0000.jpg 709w, https:\/\/vicaria6.bizkeliza.net\/wp-content\/uploads\/2023\/02\/IMG-20230216-WA0000-208x300.jpg 208w\" sizes=\"(max-width: 284px) 100vw, 284px\" \/> En nuestra vicar\u00eda la propuesta cog\u00edo cuerpo en la parroquia de San Jose obrero en<a href=\"https:\/\/iglesiaslasarenasromo.org\/\"> Romo- Las Arenas<\/a>. <strong>Roberto Jauregibeitia<\/strong>, presbitero de esa unidad pastoral,\u00a0 nos fue proponiendo un camino de musicas que encontraban\u00a0 eco en nuestros corazones. Fueron pocos los asisitentes, como suele pasar , y no demasiado novedosa la propuesta. Todo ello parec\u00eda hablar de un encuentros sin m\u00e1s. Sin embargo,\u00a0 el escuchar la viveza del sentimiento que a\u00fan clamaba en el testimonio de\u00a0 algunas personas se\u00a0 justificaba del todo este tipo de encuentros a d\u00eda de hoy.<\/p>\n<p>El mundo de encuentro\u00a0 en ideolog\u00edas, sentimientos, y vidas sigue siendo una asignatura pendiente en nuestra sociedad. Queda camino por andar en favor de las vidas en paralelo, en favor de la empat\u00eda y\u00a0 de la misericord\u00eda.\u00a0 Una vez m\u00e1s pudimos ejercitar la dificil tarea de ponernos en la piel de los otros. De un &#8220;bando&#8221; y de otros, hay lagr\u00edmas por derramar que se quedaron atascadas, corazones que buscar reconciliaci\u00f3n\u00a0 y encuentro. Y es que como comentaba una de las participantes, siempre queda &#8221; una madre, amiga, amigo, hijo, hija, padre&#8230;.. que llora&#8221;<\/p>\n<p>&nbsp;<\/p>\n<p>La paz sigue siendo una asignatura pendiente en un mundo que se mueve entre los &#8220;haters&#8221; &#8220;folowers&#8221; y &#8220;lovers&#8221;. Hoy lo que nos separa no es E.T.A. pero las idelolog\u00edas que se convierten en identidades nos conducen por caminos de od\u00edo, reconcer y violencia. Todo a\u00fan no esta hecho.<\/p>\n<p>Gracias por ayudarnos a curar heridas, a serenar esp\u00edritus y caminar con los zapatos de la misericord\u00eda. Gracias por vuestros esfuerzos al servicio de la Paz y la Reconciliac\u00edon.<\/p>\n<p><img decoding=\"async\" class=\"alignnone size-large wp-image-6304\" src=\"https:\/\/vicaria6.bizkeliza.net\/wp-content\/uploads\/2023\/02\/WhatsApp-Image-2023-02-25-at-22.55.45-1024x768.jpeg\" alt=\"BAKE TOPAKETA- VICARIA VI-DIOCESIS BILBAO\" width=\"960\" height=\"720\" srcset=\"https:\/\/vicaria6.bizkeliza.net\/wp-content\/uploads\/2023\/02\/WhatsApp-Image-2023-02-25-at-22.55.45-1024x768.jpeg 1024w, https:\/\/vicaria6.bizkeliza.net\/wp-content\/uploads\/2023\/02\/WhatsApp-Image-2023-02-25-at-22.55.45-300x225.jpeg 300w, https:\/\/vicaria6.bizkeliza.net\/wp-content\/uploads\/2023\/02\/WhatsApp-Image-2023-02-25-at-22.55.45-768x576.jpeg 768w, https:\/\/vicaria6.bizkeliza.net\/wp-content\/uploads\/2023\/02\/WhatsApp-Image-2023-02-25-at-22.55.45-1536x1152.jpeg 1536w, https:\/\/vicaria6.bizkeliza.net\/wp-content\/uploads\/2023\/02\/WhatsApp-Image-2023-02-25-at-22.55.45-1140x855.jpeg 1140w, https:\/\/vicaria6.bizkeliza.net\/wp-content\/uploads\/2023\/02\/WhatsApp-Image-2023-02-25-at-22.55.45.jpeg 2000w\" sizes=\"(max-width: 960px) 100vw, 960px\" \/><\/p>\n","protected":false},"excerpt":{"rendered":"<p>&nbsp; &#8220;No tengan temor a pedir y a ofrecer el perd\u00f3n. No se resistan a la reconciliaci\u00f3n para acercarse, reencontrarse como hermanos y superar las enemistades. Es hora de sanar heridas, de tender puentes, de limar diferencias. Es la hora para desactivar los odios, renunciar a las venganzas y abrirse a la convivencia basada en la justicia, en la verdad y en la creaci\u00f3n de una verdadera cultura del encuentro fraterno. Que podamos habitar en armon\u00eda y fraternidad, como desea el Se\u00f1or\u201d. Papa Francisco Como cada a\u00f1o, en el ante\u00faltimo fin de semana de febrero, celebramos la Jornanda en favor de la Paz y la Reconciliaci\u00f3n. El &#8221; Bake Topaketa&#8221; de esta edici\u00f3n nos propon\u00eda caminar\u00a0 ayudandonos de algunas canciones que han estado presentes a lo largo de estos 60 a\u00f1os en nuestras fiestas, encuentros, radios, conciertos&#8230; y que de una manera u otra reflejaban el sentir y la ideolog\u00eda\u00a0 de muchos, parte o pocos en tiempos de inicios, juventud, madurez y decrepitud\u00a0 de ETA. En nuestra vicar\u00eda la propuesta cog\u00edo cuerpo en la parroquia de San Jose obrero en Romo- Las Arenas. Roberto Jauregibeitia, presbitero de esa unidad pastoral,\u00a0 nos fue proponiendo un camino de musicas que encontraban\u00a0 eco en nuestros corazones. Fueron pocos los asisitentes, como suele pasar , y no demasiado novedosa la propuesta. Todo ello parec\u00eda hablar de un encuentros sin m\u00e1s. Sin embargo,\u00a0 el escuchar la viveza del sentimiento que a\u00fan clamaba en el testimonio de\u00a0 algunas personas se\u00a0 justificaba del todo este tipo de encuentros a d\u00eda de hoy. El mundo de encuentro\u00a0 en ideolog\u00edas, sentimientos, y vidas sigue siendo una asignatura pendiente en nuestra sociedad. Queda camino por andar en favor de las vidas en paralelo, en favor de la empat\u00eda y\u00a0 de la misericord\u00eda.\u00a0 Una vez m\u00e1s pudimos ejercitar la dificil tarea de ponernos en la piel de los otros. De un &#8220;bando&#8221; y de otros, hay lagr\u00edmas por derramar que se quedaron atascadas, corazones que buscar reconciliaci\u00f3n\u00a0 y encuentro. Y es que como comentaba una de las participantes, siempre queda &#8221; una madre, amiga, amigo, hijo, hija, padre&#8230;.. que llora&#8221; &nbsp; La paz sigue siendo una asignatura pendiente en un mundo que se mueve entre los &#8220;haters&#8221; &#8220;folowers&#8221; y &#8220;lovers&#8221;. Hoy lo que nos separa no es E.T.A. pero las idelolog\u00edas que se convierten en identidades nos conducen por caminos de od\u00edo, reconcer y violencia. Todo a\u00fan no esta hecho. Gracias por ayudarnos a curar heridas, a serenar esp\u00edritus y caminar con los zapatos de la misericord\u00eda. Gracias por vuestros esfuerzos al servicio de la Paz y la Reconciliac\u00edon.<\/p>\n","protected":false},"author":1,"featured_media":0,"comment_status":"open","ping_status":"open","sticky":false,"template":"","format":"standard","meta":{"footnotes":""},"categories":[1],"tags":[],"class_list":["post-6301","post","type-post","status-publish","format-standard","hentry","category-sin-categorizar"],"aioseo_notices":[],"acf":[],"_links":{"self":[{"href":"https:\/\/vicaria6.bizkeliza.net\/index.php?rest_route=\/wp\/v2\/posts\/6301","targetHints":{"allow":["GET"]}}],"collection":[{"href":"https:\/\/vicaria6.bizkeliza.net\/index.php?rest_route=\/wp\/v2\/posts"}],"about":[{"href":"https:\/\/vicaria6.bizkeliza.net\/index.php?rest_route=\/wp\/v2\/types\/post"}],"author":[{"embeddable":true,"href":"https:\/\/vicaria6.bizkeliza.net\/index.php?rest_route=\/wp\/v2\/users\/1"}],"replies":[{"embeddable":true,"href":"https:\/\/vicaria6.bizkeliza.net\/index.php?rest_route=%2Fwp%2Fv2%2Fcomments&post=6301"}],"version-history":[{"count":4,"href":"https:\/\/vicaria6.bizkeliza.net\/index.php?rest_route=\/wp\/v2\/posts\/6301\/revisions"}],"predecessor-version":[{"id":6309,"href":"https:\/\/vicaria6.bizkeliza.net\/index.php?rest_route=\/wp\/v2\/posts\/6301\/revisions\/6309"}],"wp:attachment":[{"href":"https:\/\/vicaria6.bizkeliza.net\/index.php?rest_route=%2Fwp%2Fv2%2Fmedia&parent=6301"}],"wp:term":[{"taxonomy":"category","embeddable":true,"href":"https:\/\/vicaria6.bizkeliza.net\/index.php?rest_route=%2Fwp%2Fv2%2Fcategories&post=6301"},{"taxonomy":"post_tag","embeddable":true,"href":"https:\/\/vicaria6.bizkeliza.net\/index.php?rest_route=%2Fwp%2Fv2%2Ftags&post=6301"}],"curies":[{"name":"wp","href":"https:\/\/api.w.org\/{rel}","templated":true}]}}