{"id":6310,"date":"2023-02-26T18:34:29","date_gmt":"2023-02-26T18:34:29","guid":{"rendered":"https:\/\/vicaria6.bizkeliza.net\/?p=6310"},"modified":"2023-02-26T19:37:36","modified_gmt":"2023-02-26T19:37:36","slug":"la-up-gobela-galea-nos-ofrece-una-interesante-propuesta-para-esta-cuaresma","status":"publish","type":"post","link":"https:\/\/vicaria6.bizkeliza.net\/?p=6310","title":{"rendered":"La UP Gobela-Galea nos ofrece una rica propuesta para esta Cuaresma"},"content":{"rendered":"<p>El tiempo de Cuaresma es un tiempo privilegiado para encontrarnos con Jes\u00fas, para cuidar nuestra oraci\u00f3n, practicarla junto al ayuno y la limosna. En las comunidades tratamos de ofrecer propuestas de reflexi\u00f3n que favorezcan la toma de conciencia y el discernimiento a fin de actualizar la vivencia de la Cuaresma al tiempo presente.\u00a0 Animate a participar.\u00a0 Puedes ver el programa aqu\u00ed.<\/p>\n<p>&nbsp;<\/p>\n<p><img fetchpriority=\"high\" decoding=\"async\" class=\"size-large wp-image-6333 aligncenter\" src=\"https:\/\/vicaria6.bizkeliza.net\/wp-content\/uploads\/2023\/02\/WhatsApp-Image-2023-02-26-at-20.32.44-724x1024.jpeg\" alt=\"UP GOBELA- GALEA CUARESMA 2023\" width=\"724\" height=\"1024\" srcset=\"https:\/\/vicaria6.bizkeliza.net\/wp-content\/uploads\/2023\/02\/WhatsApp-Image-2023-02-26-at-20.32.44-724x1024.jpeg 724w, https:\/\/vicaria6.bizkeliza.net\/wp-content\/uploads\/2023\/02\/WhatsApp-Image-2023-02-26-at-20.32.44-212x300.jpeg 212w, https:\/\/vicaria6.bizkeliza.net\/wp-content\/uploads\/2023\/02\/WhatsApp-Image-2023-02-26-at-20.32.44-768x1086.jpeg 768w, https:\/\/vicaria6.bizkeliza.net\/wp-content\/uploads\/2023\/02\/WhatsApp-Image-2023-02-26-at-20.32.44-1086x1536.jpeg 1086w, https:\/\/vicaria6.bizkeliza.net\/wp-content\/uploads\/2023\/02\/WhatsApp-Image-2023-02-26-at-20.32.44-1140x1612.jpeg 1140w, https:\/\/vicaria6.bizkeliza.net\/wp-content\/uploads\/2023\/02\/WhatsApp-Image-2023-02-26-at-20.32.44.jpeg 1448w\" sizes=\"(max-width: 724px) 100vw, 724px\" \/><\/p>\n","protected":false},"excerpt":{"rendered":"<p>El tiempo de Cuaresma es un tiempo privilegiado para encontrarnos con Jes\u00fas, para cuidar nuestra oraci\u00f3n, practicarla junto al ayuno y la limosna. En las comunidades tratamos de ofrecer propuestas de reflexi\u00f3n que favorezcan la toma de conciencia y el discernimiento a fin de actualizar la vivencia de la Cuaresma al tiempo presente.\u00a0 Animate a participar.\u00a0 Puedes ver el programa aqu\u00ed. &nbsp;<\/p>\n","protected":false},"author":1,"featured_media":0,"comment_status":"open","ping_status":"open","sticky":false,"template":"","format":"standard","meta":{"footnotes":""},"categories":[1],"tags":[],"class_list":["post-6310","post","type-post","status-publish","format-standard","hentry","category-sin-categorizar"],"aioseo_notices":[],"acf":[],"_links":{"self":[{"href":"https:\/\/vicaria6.bizkeliza.net\/index.php?rest_route=\/wp\/v2\/posts\/6310","targetHints":{"allow":["GET"]}}],"collection":[{"href":"https:\/\/vicaria6.bizkeliza.net\/index.php?rest_route=\/wp\/v2\/posts"}],"about":[{"href":"https:\/\/vicaria6.bizkeliza.net\/index.php?rest_route=\/wp\/v2\/types\/post"}],"author":[{"embeddable":true,"href":"https:\/\/vicaria6.bizkeliza.net\/index.php?rest_route=\/wp\/v2\/users\/1"}],"replies":[{"embeddable":true,"href":"https:\/\/vicaria6.bizkeliza.net\/index.php?rest_route=%2Fwp%2Fv2%2Fcomments&post=6310"}],"version-history":[{"count":4,"href":"https:\/\/vicaria6.bizkeliza.net\/index.php?rest_route=\/wp\/v2\/posts\/6310\/revisions"}],"predecessor-version":[{"id":6336,"href":"https:\/\/vicaria6.bizkeliza.net\/index.php?rest_route=\/wp\/v2\/posts\/6310\/revisions\/6336"}],"wp:attachment":[{"href":"https:\/\/vicaria6.bizkeliza.net\/index.php?rest_route=%2Fwp%2Fv2%2Fmedia&parent=6310"}],"wp:term":[{"taxonomy":"category","embeddable":true,"href":"https:\/\/vicaria6.bizkeliza.net\/index.php?rest_route=%2Fwp%2Fv2%2Fcategories&post=6310"},{"taxonomy":"post_tag","embeddable":true,"href":"https:\/\/vicaria6.bizkeliza.net\/index.php?rest_route=%2Fwp%2Fv2%2Ftags&post=6310"}],"curies":[{"name":"wp","href":"https:\/\/api.w.org\/{rel}","templated":true}]}}