{"id":6601,"date":"2023-05-30T06:56:28","date_gmt":"2023-05-30T06:56:28","guid":{"rendered":"https:\/\/vicaria6.bizkeliza.net\/?p=6601"},"modified":"2023-05-30T07:54:27","modified_gmt":"2023-05-30T07:54:27","slug":"un-dia-importante-para-la-nueva-u-p-las-arenas-romo","status":"publish","type":"post","link":"https:\/\/vicaria6.bizkeliza.net\/?p=6601","title":{"rendered":"Un d\u00eda importante para la nueva U.P. LAS ARENAS-ROMO"},"content":{"rendered":"<p><img fetchpriority=\"high\" decoding=\"async\" class=\" wp-image-6608 alignleft\" src=\"https:\/\/vicaria6.bizkeliza.net\/wp-content\/uploads\/2023\/05\/WhatsApp-Image-2023-05-30-at-08.51.19-724x1024.jpeg\" alt=\"UP LAS ARENAS-ROMO\" width=\"377\" height=\"533\" srcset=\"https:\/\/vicaria6.bizkeliza.net\/wp-content\/uploads\/2023\/05\/WhatsApp-Image-2023-05-30-at-08.51.19-724x1024.jpeg 724w, https:\/\/vicaria6.bizkeliza.net\/wp-content\/uploads\/2023\/05\/WhatsApp-Image-2023-05-30-at-08.51.19-212x300.jpeg 212w, https:\/\/vicaria6.bizkeliza.net\/wp-content\/uploads\/2023\/05\/WhatsApp-Image-2023-05-30-at-08.51.19-768x1086.jpeg 768w, https:\/\/vicaria6.bizkeliza.net\/wp-content\/uploads\/2023\/05\/WhatsApp-Image-2023-05-30-at-08.51.19-1086x1536.jpeg 1086w, https:\/\/vicaria6.bizkeliza.net\/wp-content\/uploads\/2023\/05\/WhatsApp-Image-2023-05-30-at-08.51.19.jpeg 1131w\" sizes=\"(max-width: 377px) 100vw, 377px\" \/>\u00a0El pasado s\u00e1bado celebramos en la parroquia de San Jos\u00e9 Obrero de Romo, la vigilia de Pentecost\u00e9s. <strong>La primera celebraci\u00f3n conjunta en la nueva <a href=\"https:\/\/iglesiaslasarenasromo.org\/\">Unidad Pastoral Las Arenas-Romo<\/a><\/strong>, que completar\u00e1 su configuraci\u00f3n como UP con la <span style=\"color: #ff0000;\">celebraci\u00f3n del 23 de septiembre,<\/span> presidida por nuestro obispo Joseba.<\/p>\n<p>El d\u00eda de Pentecost\u00e9s, un d\u00eda propicio para celebrar que pronto seremos plenamente unidad pastoral. Un lugar para comprobar que verdaderamente el Esp\u00edritu Santo nos une en la diversidad de sus dones y lenguas. Afrontamos, por ello, este reto de ser unidad, de ser comuni\u00f3n, movidos por el Esp\u00edritu que sugiere que pongamos nuestras virtudes y carismas al servicio de la comunidad y nuestro territorio.<\/p>\n<p>Oremos:<\/p>\n<p><strong><em>Que tu Esp\u00edritu nos renueve por dentro<\/em><\/strong><\/p>\n<p>\u2022 Env\u00eda tu Esp\u00edritu Padre y que la misi\u00f3n primera de la Iglesia sea liberar, dar paz, perdonar, amnistiar, dar vida hasta la entrega total.<\/p>\n<p>Que tu Esp\u00edritu nos renueve por dentro<\/p>\n<p>\u2022 Env\u00eda tu Esp\u00edritu Padre y que los creyentes nos sintamos tus enviados, tus embajadores, tus mensajeros, en compa\u00f1\u00eda de tu hijo Jes\u00fas, para la construcci\u00f3n de una nueva humanidad.<\/p>\n<p>Que tu Esp\u00edritu nos renueve por dentro<\/p>\n<p>\u2022 Env\u00eda tu Esp\u00edritu Padre y que nuestras comunidades de fe sean espacios que contagien alegr\u00eda, perd\u00f3n, paz, justicia, inclusi\u00f3n, ternura, esperanza y sentido de vida.<\/p>\n<p>Que tu Esp\u00edritu nos renueve por dentro<\/p>\n<p>\u2022 Env\u00eda tu Esp\u00edritu Padre y que descubramos que la fuente de nuestra misi\u00f3n es tu Amor y que nuestra plenitud est\u00e1 en salir de nosotros mismos y vivir para los dem\u00e1s.<\/p>\n<p>Que tu Esp\u00edritu nos renueve por dentro<\/p>\n<p>\u2022 Env\u00eda tu Esp\u00edritu Padre y que los desheredados de \u00e9sta tierra se sientan bien-nombrados, escuchen palabras de aliento, reciban gestos que aproximen, cuidados que restauren y curen.<\/p>\n<p><strong>Que tu Esp\u00edritu nos renueve por dentro<\/strong><\/p>\n<div id='gallery-1' class='gallery galleryid-6601 gallery-columns-2 gallery-size-medium'><figure class='gallery-item'>\n\t\t\t<div class='gallery-icon portrait'>\n\t\t\t\t<a href='https:\/\/vicaria6.bizkeliza.net\/?attachment_id=6606'><img decoding=\"async\" width=\"206\" height=\"300\" src=\"https:\/\/vicaria6.bizkeliza.net\/wp-content\/uploads\/2023\/05\/WhatsApp-Image-2023-05-29-at-16.19.52-206x300.jpeg\" class=\"attachment-medium size-medium\" alt=\"\" aria-describedby=\"gallery-1-6606\" srcset=\"https:\/\/vicaria6.bizkeliza.net\/wp-content\/uploads\/2023\/05\/WhatsApp-Image-2023-05-29-at-16.19.52-206x300.jpeg 206w, https:\/\/vicaria6.bizkeliza.net\/wp-content\/uploads\/2023\/05\/WhatsApp-Image-2023-05-29-at-16.19.52-703x1024.jpeg 703w, https:\/\/vicaria6.bizkeliza.net\/wp-content\/uploads\/2023\/05\/WhatsApp-Image-2023-05-29-at-16.19.52-768x1119.jpeg 768w, https:\/\/vicaria6.bizkeliza.net\/wp-content\/uploads\/2023\/05\/WhatsApp-Image-2023-05-29-at-16.19.52-1054x1536.jpeg 1054w, https:\/\/vicaria6.bizkeliza.net\/wp-content\/uploads\/2023\/05\/WhatsApp-Image-2023-05-29-at-16.19.52.jpeg 1098w\" sizes=\"(max-width: 206px) 100vw, 206px\" \/><\/a>\n\t\t\t<\/div>\n\t\t\t\t<figcaption class='wp-caption-text gallery-caption' id='gallery-1-6606'>\n\t\t\t\tUP  LAS ARENAS-ROMO\n\t\t\t\t<\/figcaption><\/figure><figure class='gallery-item'>\n\t\t\t<div class='gallery-icon portrait'>\n\t\t\t\t<a href='https:\/\/vicaria6.bizkeliza.net\/?attachment_id=6604'><img decoding=\"async\" width=\"175\" height=\"300\" src=\"https:\/\/vicaria6.bizkeliza.net\/wp-content\/uploads\/2023\/05\/WhatsApp-Image-2023-05-29-at-16.19.52-1-175x300.jpeg\" class=\"attachment-medium size-medium\" alt=\"\" aria-describedby=\"gallery-1-6604\" srcset=\"https:\/\/vicaria6.bizkeliza.net\/wp-content\/uploads\/2023\/05\/WhatsApp-Image-2023-05-29-at-16.19.52-1-175x300.jpeg 175w, https:\/\/vicaria6.bizkeliza.net\/wp-content\/uploads\/2023\/05\/WhatsApp-Image-2023-05-29-at-16.19.52-1-597x1024.jpeg 597w, https:\/\/vicaria6.bizkeliza.net\/wp-content\/uploads\/2023\/05\/WhatsApp-Image-2023-05-29-at-16.19.52-1-768x1317.jpeg 768w, https:\/\/vicaria6.bizkeliza.net\/wp-content\/uploads\/2023\/05\/WhatsApp-Image-2023-05-29-at-16.19.52-1.jpeg 842w\" sizes=\"(max-width: 175px) 100vw, 175px\" \/><\/a>\n\t\t\t<\/div>\n\t\t\t\t<figcaption class='wp-caption-text gallery-caption' id='gallery-1-6604'>\n\t\t\t\tUP LAS ARENAS-ROMO\n\t\t\t\t<\/figcaption><\/figure><figure class='gallery-item'>\n\t\t\t<div class='gallery-icon landscape'>\n\t\t\t\t<a href='https:\/\/vicaria6.bizkeliza.net\/?attachment_id=6602'><img loading=\"lazy\" decoding=\"async\" width=\"300\" height=\"215\" src=\"https:\/\/vicaria6.bizkeliza.net\/wp-content\/uploads\/2023\/05\/WhatsApp-Image-2023-05-29-at-16.19.52-2-300x215.jpeg\" class=\"attachment-medium size-medium\" alt=\"up LAS ARENAS-ROMO\" aria-describedby=\"gallery-1-6602\" srcset=\"https:\/\/vicaria6.bizkeliza.net\/wp-content\/uploads\/2023\/05\/WhatsApp-Image-2023-05-29-at-16.19.52-2-300x215.jpeg 300w, https:\/\/vicaria6.bizkeliza.net\/wp-content\/uploads\/2023\/05\/WhatsApp-Image-2023-05-29-at-16.19.52-2-1024x735.jpeg 1024w, https:\/\/vicaria6.bizkeliza.net\/wp-content\/uploads\/2023\/05\/WhatsApp-Image-2023-05-29-at-16.19.52-2-768x552.jpeg 768w, https:\/\/vicaria6.bizkeliza.net\/wp-content\/uploads\/2023\/05\/WhatsApp-Image-2023-05-29-at-16.19.52-2-1536x1103.jpeg 1536w, https:\/\/vicaria6.bizkeliza.net\/wp-content\/uploads\/2023\/05\/WhatsApp-Image-2023-05-29-at-16.19.52-2-1140x819.jpeg 1140w, https:\/\/vicaria6.bizkeliza.net\/wp-content\/uploads\/2023\/05\/WhatsApp-Image-2023-05-29-at-16.19.52-2.jpeg 1600w\" sizes=\"(max-width: 300px) 100vw, 300px\" \/><\/a>\n\t\t\t<\/div>\n\t\t\t\t<figcaption class='wp-caption-text gallery-caption' id='gallery-1-6602'>\n\t\t\t\tUP LAS ARENAS-ROMO &#8211;\n\t\t\t\t<\/figcaption><\/figure><figure class='gallery-item'>\n\t\t\t<div class='gallery-icon landscape'>\n\t\t\t\t<a href='https:\/\/vicaria6.bizkeliza.net\/?attachment_id=6624'><img loading=\"lazy\" decoding=\"async\" width=\"300\" height=\"300\" src=\"https:\/\/vicaria6.bizkeliza.net\/wp-content\/uploads\/2023\/05\/23-SEPTIEMBRE-300x300.png\" class=\"attachment-medium size-medium\" alt=\"CELEBRACION- UP LAS ARENAS -ROMO\" aria-describedby=\"gallery-1-6624\" srcset=\"https:\/\/vicaria6.bizkeliza.net\/wp-content\/uploads\/2023\/05\/23-SEPTIEMBRE-300x300.png 300w, https:\/\/vicaria6.bizkeliza.net\/wp-content\/uploads\/2023\/05\/23-SEPTIEMBRE-1024x1024.png 1024w, https:\/\/vicaria6.bizkeliza.net\/wp-content\/uploads\/2023\/05\/23-SEPTIEMBRE-150x150.png 150w, https:\/\/vicaria6.bizkeliza.net\/wp-content\/uploads\/2023\/05\/23-SEPTIEMBRE-768x768.png 768w, https:\/\/vicaria6.bizkeliza.net\/wp-content\/uploads\/2023\/05\/23-SEPTIEMBRE-1536x1536.png 1536w, https:\/\/vicaria6.bizkeliza.net\/wp-content\/uploads\/2023\/05\/23-SEPTIEMBRE-1140x1140.png 1140w, https:\/\/vicaria6.bizkeliza.net\/wp-content\/uploads\/2023\/05\/23-SEPTIEMBRE-100x100.png 100w, https:\/\/vicaria6.bizkeliza.net\/wp-content\/uploads\/2023\/05\/23-SEPTIEMBRE-75x75.png 75w, https:\/\/vicaria6.bizkeliza.net\/wp-content\/uploads\/2023\/05\/23-SEPTIEMBRE.png 1654w\" sizes=\"(max-width: 300px) 100vw, 300px\" \/><\/a>\n\t\t\t<\/div>\n\t\t\t\t<figcaption class='wp-caption-text gallery-caption' id='gallery-1-6624'>\n\t\t\t\tcelebracion up LAS ARENAS-ROMO\n\t\t\t\t<\/figcaption><\/figure>\n\t\t<\/div>\n\n","protected":false},"excerpt":{"rendered":"<p>\u00a0El pasado s\u00e1bado celebramos en la parroquia de San Jos\u00e9 Obrero de Romo, la vigilia de Pentecost\u00e9s. La primera celebraci\u00f3n conjunta en la nueva Unidad Pastoral Las Arenas-Romo, que completar\u00e1 su configuraci\u00f3n como UP con la celebraci\u00f3n del 23 de septiembre, presidida por nuestro obispo Joseba. El d\u00eda de Pentecost\u00e9s, un d\u00eda propicio para celebrar que pronto seremos plenamente unidad pastoral. Un lugar para comprobar que verdaderamente el Esp\u00edritu Santo nos une en la diversidad de sus dones y lenguas. Afrontamos, por ello, este reto de ser unidad, de ser comuni\u00f3n, movidos por el Esp\u00edritu que sugiere que pongamos nuestras virtudes y carismas al servicio de la comunidad y nuestro territorio. Oremos: Que tu Esp\u00edritu nos renueve por dentro \u2022 Env\u00eda tu Esp\u00edritu Padre y que la misi\u00f3n primera de la Iglesia sea liberar, dar paz, perdonar, amnistiar, dar vida hasta la entrega total. Que tu Esp\u00edritu nos renueve por dentro \u2022 Env\u00eda tu Esp\u00edritu Padre y que los creyentes nos sintamos tus enviados, tus embajadores, tus mensajeros, en compa\u00f1\u00eda de tu hijo Jes\u00fas, para la construcci\u00f3n de una nueva humanidad. Que tu Esp\u00edritu nos renueve por dentro \u2022 Env\u00eda tu Esp\u00edritu Padre y que nuestras comunidades de fe sean espacios que contagien alegr\u00eda, perd\u00f3n, paz, justicia, inclusi\u00f3n, ternura, esperanza y sentido de vida. Que tu Esp\u00edritu nos renueve por dentro \u2022 Env\u00eda tu Esp\u00edritu Padre y que descubramos que la fuente de nuestra misi\u00f3n es tu Amor y que nuestra plenitud est\u00e1 en salir de nosotros mismos y vivir para los dem\u00e1s. Que tu Esp\u00edritu nos renueve por dentro \u2022 Env\u00eda tu Esp\u00edritu Padre y que los desheredados de \u00e9sta tierra se sientan bien-nombrados, escuchen palabras de aliento, reciban gestos que aproximen, cuidados que restauren y curen. Que tu Esp\u00edritu nos renueve por dentro<\/p>\n","protected":false},"author":1,"featured_media":6610,"comment_status":"open","ping_status":"open","sticky":false,"template":"","format":"standard","meta":{"footnotes":""},"categories":[1],"tags":[],"class_list":["post-6601","post","type-post","status-publish","format-standard","has-post-thumbnail","hentry","category-sin-categorizar"],"aioseo_notices":[],"acf":[],"_links":{"self":[{"href":"https:\/\/vicaria6.bizkeliza.net\/index.php?rest_route=\/wp\/v2\/posts\/6601","targetHints":{"allow":["GET"]}}],"collection":[{"href":"https:\/\/vicaria6.bizkeliza.net\/index.php?rest_route=\/wp\/v2\/posts"}],"about":[{"href":"https:\/\/vicaria6.bizkeliza.net\/index.php?rest_route=\/wp\/v2\/types\/post"}],"author":[{"embeddable":true,"href":"https:\/\/vicaria6.bizkeliza.net\/index.php?rest_route=\/wp\/v2\/users\/1"}],"replies":[{"embeddable":true,"href":"https:\/\/vicaria6.bizkeliza.net\/index.php?rest_route=%2Fwp%2Fv2%2Fcomments&post=6601"}],"version-history":[{"count":3,"href":"https:\/\/vicaria6.bizkeliza.net\/index.php?rest_route=\/wp\/v2\/posts\/6601\/revisions"}],"predecessor-version":[{"id":6627,"href":"https:\/\/vicaria6.bizkeliza.net\/index.php?rest_route=\/wp\/v2\/posts\/6601\/revisions\/6627"}],"wp:featuredmedia":[{"embeddable":true,"href":"https:\/\/vicaria6.bizkeliza.net\/index.php?rest_route=\/wp\/v2\/media\/6610"}],"wp:attachment":[{"href":"https:\/\/vicaria6.bizkeliza.net\/index.php?rest_route=%2Fwp%2Fv2%2Fmedia&parent=6601"}],"wp:term":[{"taxonomy":"category","embeddable":true,"href":"https:\/\/vicaria6.bizkeliza.net\/index.php?rest_route=%2Fwp%2Fv2%2Fcategories&post=6601"},{"taxonomy":"post_tag","embeddable":true,"href":"https:\/\/vicaria6.bizkeliza.net\/index.php?rest_route=%2Fwp%2Fv2%2Ftags&post=6601"}],"curies":[{"name":"wp","href":"https:\/\/api.w.org\/{rel}","templated":true}]}}