{"id":7013,"date":"2023-07-05T07:36:03","date_gmt":"2023-07-05T07:36:03","guid":{"rendered":"https:\/\/vicaria6.bizkeliza.net\/?p=7013"},"modified":"2023-07-05T07:38:34","modified_gmt":"2023-07-05T07:38:34","slug":"en-campamento-izar-berrielaiak-2023-up-uribe-kosta","status":"publish","type":"post","link":"https:\/\/vicaria6.bizkeliza.net\/?p=7013","title":{"rendered":"EN CAMPAMENTO #IZAR BERRI+ELAIAK 2023- UP URIBE KOSTA"},"content":{"rendered":"<p>Los grupos de postcomuni\u00f3n y juventud de la Unidad Pastoral Uribe Kosta est\u00e1n de campamento.\u00a0 Este a\u00f1o el grupo de Izar Berri y Elaiak han viajado a Triano (Bizkaia) . Son 30 chavales entre 9 y 16 a\u00f1os y el tema que ser\u00e1 el hilo conductor es el de los\u00a0descubrimientos, como los inventos a lo largo de la historia y un poco ese auto conocimiento, a nivel m\u00e1s personal .<\/p>\n<p>Ser\u00e1 un tiempo para experimentar nuevas amistades,\u00a0 nuevas rutinas, nuevas habilidades y talentos, nuevas maneras de vivir en grupo, todo ello les ayudar\u00e1 a descubrir la belleza de la vida que hay en cada uno de nosotros y la experiencia de Dios que ama a cada una de sus criaturas.<\/p>\n<div id='gallery-1' class='gallery galleryid-7013 gallery-columns-2 gallery-size-large'><figure class='gallery-item'>\n\t\t\t<div class='gallery-icon landscape'>\n\t\t\t\t<a href='https:\/\/vicaria6.bizkeliza.net\/?attachment_id=7014'><img fetchpriority=\"high\" decoding=\"async\" width=\"960\" height=\"723\" src=\"https:\/\/vicaria6.bizkeliza.net\/wp-content\/uploads\/2023\/07\/WhatsApp-Image-2023-07-03-at-11.26.14-1-1024x771.jpeg\" class=\"attachment-large size-large\" alt=\"CAMPAMENTO IZAR BERRI- ELAIAK- 2023 UP URIBE KOSTA\" aria-describedby=\"gallery-1-7014\" srcset=\"https:\/\/vicaria6.bizkeliza.net\/wp-content\/uploads\/2023\/07\/WhatsApp-Image-2023-07-03-at-11.26.14-1-1024x771.jpeg 1024w, https:\/\/vicaria6.bizkeliza.net\/wp-content\/uploads\/2023\/07\/WhatsApp-Image-2023-07-03-at-11.26.14-1-300x226.jpeg 300w, https:\/\/vicaria6.bizkeliza.net\/wp-content\/uploads\/2023\/07\/WhatsApp-Image-2023-07-03-at-11.26.14-1-768x578.jpeg 768w, https:\/\/vicaria6.bizkeliza.net\/wp-content\/uploads\/2023\/07\/WhatsApp-Image-2023-07-03-at-11.26.14-1-1536x1157.jpeg 1536w, https:\/\/vicaria6.bizkeliza.net\/wp-content\/uploads\/2023\/07\/WhatsApp-Image-2023-07-03-at-11.26.14-1-1140x858.jpeg 1140w, https:\/\/vicaria6.bizkeliza.net\/wp-content\/uploads\/2023\/07\/WhatsApp-Image-2023-07-03-at-11.26.14-1.jpeg 2040w\" sizes=\"(max-width: 960px) 100vw, 960px\" \/><\/a>\n\t\t\t<\/div>\n\t\t\t\t<figcaption class='wp-caption-text gallery-caption' id='gallery-1-7014'>\n\t\t\t\tIZAR BERRI 2023\n\t\t\t\t<\/figcaption><\/figure><figure class='gallery-item'>\n\t\t\t<div class='gallery-icon landscape'>\n\t\t\t\t<a href='https:\/\/vicaria6.bizkeliza.net\/?attachment_id=7016'><img decoding=\"async\" width=\"960\" height=\"960\" src=\"https:\/\/vicaria6.bizkeliza.net\/wp-content\/uploads\/2023\/07\/WhatsApp-Image-2023-07-03-at-11.26.14-1024x1024.jpeg\" class=\"attachment-large size-large\" alt=\"\" aria-describedby=\"gallery-1-7016\" srcset=\"https:\/\/vicaria6.bizkeliza.net\/wp-content\/uploads\/2023\/07\/WhatsApp-Image-2023-07-03-at-11.26.14-1024x1024.jpeg 1024w, https:\/\/vicaria6.bizkeliza.net\/wp-content\/uploads\/2023\/07\/WhatsApp-Image-2023-07-03-at-11.26.14-300x300.jpeg 300w, https:\/\/vicaria6.bizkeliza.net\/wp-content\/uploads\/2023\/07\/WhatsApp-Image-2023-07-03-at-11.26.14-150x150.jpeg 150w, https:\/\/vicaria6.bizkeliza.net\/wp-content\/uploads\/2023\/07\/WhatsApp-Image-2023-07-03-at-11.26.14-768x768.jpeg 768w, https:\/\/vicaria6.bizkeliza.net\/wp-content\/uploads\/2023\/07\/WhatsApp-Image-2023-07-03-at-11.26.14-1536x1536.jpeg 1536w, https:\/\/vicaria6.bizkeliza.net\/wp-content\/uploads\/2023\/07\/WhatsApp-Image-2023-07-03-at-11.26.14.jpeg 2048w, https:\/\/vicaria6.bizkeliza.net\/wp-content\/uploads\/2023\/07\/WhatsApp-Image-2023-07-03-at-11.26.14-1140x1140.jpeg 1140w, https:\/\/vicaria6.bizkeliza.net\/wp-content\/uploads\/2023\/07\/WhatsApp-Image-2023-07-03-at-11.26.14-100x100.jpeg 100w, https:\/\/vicaria6.bizkeliza.net\/wp-content\/uploads\/2023\/07\/WhatsApp-Image-2023-07-03-at-11.26.14-75x75.jpeg 75w\" sizes=\"(max-width: 960px) 100vw, 960px\" \/><\/a>\n\t\t\t<\/div>\n\t\t\t\t<figcaption class='wp-caption-text gallery-caption' id='gallery-1-7016'>\n\t\t\t\tELAIAK 2023\n\t\t\t\t<\/figcaption><\/figure>\n\t\t<\/div>\n\n","protected":false},"excerpt":{"rendered":"<p>Los grupos de postcomuni\u00f3n y juventud de la Unidad Pastoral Uribe Kosta est\u00e1n de campamento.\u00a0 Este a\u00f1o el grupo de Izar Berri y Elaiak han viajado a Triano (Bizkaia) . Son 30 chavales entre 9 y 16 a\u00f1os y el tema que ser\u00e1 el hilo conductor es el de los\u00a0descubrimientos, como los inventos a lo largo de la historia y un poco ese auto conocimiento, a nivel m\u00e1s personal . Ser\u00e1 un tiempo para experimentar nuevas amistades,\u00a0 nuevas rutinas, nuevas habilidades y talentos, nuevas maneras de vivir en grupo, todo ello les ayudar\u00e1 a descubrir la belleza de la vida que hay en cada uno de nosotros y la experiencia de Dios que ama a cada una de sus criaturas.<\/p>\n","protected":false},"author":1,"featured_media":0,"comment_status":"open","ping_status":"open","sticky":false,"template":"","format":"standard","meta":{"footnotes":""},"categories":[1],"tags":[],"class_list":["post-7013","post","type-post","status-publish","format-standard","hentry","category-sin-categorizar"],"aioseo_notices":[],"acf":[],"_links":{"self":[{"href":"https:\/\/vicaria6.bizkeliza.net\/index.php?rest_route=\/wp\/v2\/posts\/7013","targetHints":{"allow":["GET"]}}],"collection":[{"href":"https:\/\/vicaria6.bizkeliza.net\/index.php?rest_route=\/wp\/v2\/posts"}],"about":[{"href":"https:\/\/vicaria6.bizkeliza.net\/index.php?rest_route=\/wp\/v2\/types\/post"}],"author":[{"embeddable":true,"href":"https:\/\/vicaria6.bizkeliza.net\/index.php?rest_route=\/wp\/v2\/users\/1"}],"replies":[{"embeddable":true,"href":"https:\/\/vicaria6.bizkeliza.net\/index.php?rest_route=%2Fwp%2Fv2%2Fcomments&post=7013"}],"version-history":[{"count":1,"href":"https:\/\/vicaria6.bizkeliza.net\/index.php?rest_route=\/wp\/v2\/posts\/7013\/revisions"}],"predecessor-version":[{"id":7018,"href":"https:\/\/vicaria6.bizkeliza.net\/index.php?rest_route=\/wp\/v2\/posts\/7013\/revisions\/7018"}],"wp:attachment":[{"href":"https:\/\/vicaria6.bizkeliza.net\/index.php?rest_route=%2Fwp%2Fv2%2Fmedia&parent=7013"}],"wp:term":[{"taxonomy":"category","embeddable":true,"href":"https:\/\/vicaria6.bizkeliza.net\/index.php?rest_route=%2Fwp%2Fv2%2Fcategories&post=7013"},{"taxonomy":"post_tag","embeddable":true,"href":"https:\/\/vicaria6.bizkeliza.net\/index.php?rest_route=%2Fwp%2Fv2%2Ftags&post=7013"}],"curies":[{"name":"wp","href":"https:\/\/api.w.org\/{rel}","templated":true}]}}