{"id":7024,"date":"2023-09-04T10:15:39","date_gmt":"2023-09-04T10:15:39","guid":{"rendered":"https:\/\/vicaria6.bizkeliza.net\/?p=7024"},"modified":"2023-09-04T10:15:39","modified_gmt":"2023-09-04T10:15:39","slug":"ya-estamos-de-vuelta-gracias-por-estar-ahi","status":"publish","type":"post","link":"https:\/\/vicaria6.bizkeliza.net\/?p=7024","title":{"rendered":"Ya estamos de vuelta. Gracias por estar ah\u00ed"},"content":{"rendered":"<p>&nbsp;<\/p>\n<p><strong>Termina el verano<\/strong>. Y comienza un nuevo curso, todo son planes. \u00bfQu\u00e9 pasar\u00e1 ? Vuelve la vida cotidiana. Un ciclo que se reinicia. Agendas, programas. El calendario se llena de fechas. \u00a0Uno mismo piensa bastante en lo que quiere, hace unos cuantos prop\u00f3sitos, se dice: \u201cEste a\u00f1o\u2026\u201d Porque al final, cada curso es \u00fanico, cada a\u00f1o es distinto, y d\u00eda a d\u00eda vamos creciendo. Un camino que de nuevo se adivina en el horizonte.Tengo mis sue\u00f1os y mis proyectos para estos meses. No puedo afirmar con seguridad lo que vendr\u00e1. Es como si la vida pudiese instalarse en la rutina; y, sin embargo, hay tanto nuevo por venir&#8230;Es tambi\u00e9n una buena ocasi\u00f3n para desear que Dios est\u00e9 presente. Eso no se programa, pero al menos se busca, se anhela, se piensa\u2026 y quiz\u00e1s se convierte en un grito. \u201c<strong>Ven\u201d<\/strong><\/p>\n<p style=\"text-align: center;\">\n<strong><em><img fetchpriority=\"high\" decoding=\"async\" class=\"wp-image-5476 aligncenter\" src=\"https:\/\/vicaria6.bizkeliza.net\/wp-content\/uploads\/2022\/05\/white-g048cfc20e_1920-1024x680.jpg\" alt=\"Haciendo nuevas las cosas\" width=\"597\" height=\"396\" srcset=\"https:\/\/vicaria6.bizkeliza.net\/wp-content\/uploads\/2022\/05\/white-g048cfc20e_1920-1024x680.jpg 1024w, https:\/\/vicaria6.bizkeliza.net\/wp-content\/uploads\/2022\/05\/white-g048cfc20e_1920-300x199.jpg 300w, https:\/\/vicaria6.bizkeliza.net\/wp-content\/uploads\/2022\/05\/white-g048cfc20e_1920-768x510.jpg 768w, https:\/\/vicaria6.bizkeliza.net\/wp-content\/uploads\/2022\/05\/white-g048cfc20e_1920-1536x1020.jpg 1536w, https:\/\/vicaria6.bizkeliza.net\/wp-content\/uploads\/2022\/05\/white-g048cfc20e_1920-1140x757.jpg 1140w, https:\/\/vicaria6.bizkeliza.net\/wp-content\/uploads\/2022\/05\/white-g048cfc20e_1920.jpg 1920w\" sizes=\"(max-width: 597px) 100vw, 597px\" \/>Ven a mi vida,<\/em><\/strong><br \/>\n<strong><em>a los estudios, a los amores,<\/em><\/strong><br \/>\n<strong><em>a las heridas, a los encuentros,<\/em><\/strong><br \/>\n<strong><em>en d\u00edas grises,<\/em><\/strong><br \/>\n<strong><em>en buenos tiempos.<\/em><\/strong><br \/>\n<strong><em>Ven a las b\u00fasquedas,<\/em><\/strong><br \/>\n<strong><em>a las preguntas,<\/em><\/strong><br \/>\n<strong><em>a los desvelos,<\/em><\/strong><br \/>\n<strong><em>a las respuestas,<\/em><\/strong><br \/>\n<strong><em>a la memoria,<\/em><\/strong><br \/>\n<strong><em>a los anhelos.<\/em><\/strong><br \/>\n<strong><em>Ven a tu modo,<\/em><\/strong><br \/>\n<strong><em>desde muy dentro,<\/em><\/strong><br \/>\n<strong><em>y desde el otro,<\/em><\/strong><br \/>\n<strong><em>que est\u00e1 tan cerca<\/em><\/strong><br \/>\n<strong><em>o est\u00e1 tan lejos.<\/em><\/strong><br \/>\n<strong><em>Ven en palabra,<\/em><\/strong><br \/>\n<strong><em>ven en silencio,<\/em><\/strong><br \/>\n<strong><em>S\u00e9 mi ternura.<\/em><\/strong><br \/>\n<strong><em>S\u00e9 t\u00fa el misterio<\/em><\/strong><br \/>\n<strong><em>que apaga sombras<\/em><\/strong><br \/>\n<strong><em>que aviva fuegos,<\/em><\/strong><br \/>\n<strong><em>que enciende risas<\/em><\/strong><br \/>\n<strong><em>que acalla miedos.<\/em><\/strong><br \/>\n<strong><em>Ven a mis d\u00edas,<\/em><\/strong><br \/>\n<strong><em>que, aunque muy fr\u00e1gil,<\/em><\/strong><br \/>\n<strong><em>s\u00e9 que te quiero.<\/em><\/strong><\/p>\n","protected":false},"excerpt":{"rendered":"<p>&nbsp; Termina el verano. Y comienza un nuevo curso, todo son planes. \u00bfQu\u00e9 pasar\u00e1 ? Vuelve la vida cotidiana. Un ciclo que se reinicia. Agendas, programas. El calendario se llena de fechas. \u00a0Uno mismo piensa bastante en lo que quiere, hace unos cuantos prop\u00f3sitos, se dice: \u201cEste a\u00f1o\u2026\u201d Porque al final, cada curso es \u00fanico, cada a\u00f1o es distinto, y d\u00eda a d\u00eda vamos creciendo. Un camino que de nuevo se adivina en el horizonte.Tengo mis sue\u00f1os y mis proyectos para estos meses. No puedo afirmar con seguridad lo que vendr\u00e1. Es como si la vida pudiese instalarse en la rutina; y, sin embargo, hay tanto nuevo por venir&#8230;Es tambi\u00e9n una buena ocasi\u00f3n para desear que Dios est\u00e9 presente. Eso no se programa, pero al menos se busca, se anhela, se piensa\u2026 y quiz\u00e1s se convierte en un grito. \u201cVen\u201d Ven a mi vida, a los estudios, a los amores, a las heridas, a los encuentros, en d\u00edas grises, en buenos tiempos. Ven a las b\u00fasquedas, a las preguntas, a los desvelos, a las respuestas, a la memoria, a los anhelos. Ven a tu modo, desde muy dentro, y desde el otro, que est\u00e1 tan cerca o est\u00e1 tan lejos. Ven en palabra, ven en silencio, S\u00e9 mi ternura. S\u00e9 t\u00fa el misterio que apaga sombras que aviva fuegos, que enciende risas que acalla miedos. Ven a mis d\u00edas, que, aunque muy fr\u00e1gil, s\u00e9 que te quiero.<\/p>\n","protected":false},"author":1,"featured_media":0,"comment_status":"open","ping_status":"open","sticky":false,"template":"","format":"standard","meta":{"footnotes":""},"categories":[1],"tags":[],"class_list":["post-7024","post","type-post","status-publish","format-standard","hentry","category-sin-categorizar"],"aioseo_notices":[],"acf":[],"_links":{"self":[{"href":"https:\/\/vicaria6.bizkeliza.net\/index.php?rest_route=\/wp\/v2\/posts\/7024","targetHints":{"allow":["GET"]}}],"collection":[{"href":"https:\/\/vicaria6.bizkeliza.net\/index.php?rest_route=\/wp\/v2\/posts"}],"about":[{"href":"https:\/\/vicaria6.bizkeliza.net\/index.php?rest_route=\/wp\/v2\/types\/post"}],"author":[{"embeddable":true,"href":"https:\/\/vicaria6.bizkeliza.net\/index.php?rest_route=\/wp\/v2\/users\/1"}],"replies":[{"embeddable":true,"href":"https:\/\/vicaria6.bizkeliza.net\/index.php?rest_route=%2Fwp%2Fv2%2Fcomments&post=7024"}],"version-history":[{"count":1,"href":"https:\/\/vicaria6.bizkeliza.net\/index.php?rest_route=\/wp\/v2\/posts\/7024\/revisions"}],"predecessor-version":[{"id":7025,"href":"https:\/\/vicaria6.bizkeliza.net\/index.php?rest_route=\/wp\/v2\/posts\/7024\/revisions\/7025"}],"wp:attachment":[{"href":"https:\/\/vicaria6.bizkeliza.net\/index.php?rest_route=%2Fwp%2Fv2%2Fmedia&parent=7024"}],"wp:term":[{"taxonomy":"category","embeddable":true,"href":"https:\/\/vicaria6.bizkeliza.net\/index.php?rest_route=%2Fwp%2Fv2%2Fcategories&post=7024"},{"taxonomy":"post_tag","embeddable":true,"href":"https:\/\/vicaria6.bizkeliza.net\/index.php?rest_route=%2Fwp%2Fv2%2Ftags&post=7024"}],"curies":[{"name":"wp","href":"https:\/\/api.w.org\/{rel}","templated":true}]}}