{"id":7109,"date":"2023-10-16T21:29:50","date_gmt":"2023-10-16T21:29:50","guid":{"rendered":"https:\/\/vicaria6.bizkeliza.net\/?p=7109"},"modified":"2023-10-17T08:18:22","modified_gmt":"2023-10-17T08:18:22","slug":"ven-al-concierto-de-luis-guitarra-y-carmen-sara-entrada-libre-relatos-para-despertar-el-alma","status":"publish","type":"post","link":"https:\/\/vicaria6.bizkeliza.net\/?p=7109","title":{"rendered":"Concierto- Sopelana-Luis Guitarra y Carmen Sara.  &#8220;Relatos para despertar el alma&#8221; . Entrada libre"},"content":{"rendered":"<div class=\"et_pb_row et_pb_row_0\">\n<div class=\"et_pb_column et_pb_column_2_3 et_pb_column_1 et_pb_css_mix_blend_mode_passthrough et-last-child\">\n<div class=\"et_pb_module et_pb_text et_pb_text_0 et_pb_text_align_left et_pb_bg_layout_light\">\n<div class=\"et_pb_text_inner\">\n<p><span style=\"font-family: georgia, palatino, serif;\">El pr\u00f3ximo <span style=\"color: #ff0000;\"><strong><span style=\"color: #db169d;\">4 de Noviembre, en la parroquia de Sopelana,<\/span>\u00a0<\/strong><\/span> San Pedro Ap\u00f3stol, <strong>Luis Guitarra<\/strong> ofrecer\u00e1 junto a <span style=\"color: #0000ff;\"><a style=\"color: #0000ff;\" href=\"http:\/\/carmensarafloriano.com\/biografia\"><strong>Carmen Sara<\/strong><\/a>,<\/span>\u00a0 <strong>&#8220;Relatos y\u00a0 Canciones para despertar el alma&#8221;<\/strong><\/span><\/p>\n<p><span style=\"font-family: georgia, palatino, serif;\"><img fetchpriority=\"high\" decoding=\"async\" class=\"wp-image-7110 alignleft\" src=\"https:\/\/vicaria6.bizkeliza.net\/wp-content\/uploads\/2023\/10\/WhatsApp-Image-2023-10-16-at-22.57.30-724x1024.jpeg\" alt=\"Luis Guitarra concierto\" width=\"481\" height=\"680\" srcset=\"https:\/\/vicaria6.bizkeliza.net\/wp-content\/uploads\/2023\/10\/WhatsApp-Image-2023-10-16-at-22.57.30-724x1024.jpeg 724w, https:\/\/vicaria6.bizkeliza.net\/wp-content\/uploads\/2023\/10\/WhatsApp-Image-2023-10-16-at-22.57.30-212x300.jpeg 212w, https:\/\/vicaria6.bizkeliza.net\/wp-content\/uploads\/2023\/10\/WhatsApp-Image-2023-10-16-at-22.57.30-768x1086.jpeg 768w, https:\/\/vicaria6.bizkeliza.net\/wp-content\/uploads\/2023\/10\/WhatsApp-Image-2023-10-16-at-22.57.30-1086x1536.jpeg 1086w, https:\/\/vicaria6.bizkeliza.net\/wp-content\/uploads\/2023\/10\/WhatsApp-Image-2023-10-16-at-22.57.30.jpeg 1131w\" sizes=\"(max-width: 481px) 100vw, 481px\" \/>Os contamos algo sobre Carmen Sara y Luis Guitarra:<\/span><\/p>\n<p><span style=\"font-family: georgia, palatino, serif;\">A <a href=\"https:\/\/www.juntadeandalucia.es\/cultura\/caletras\/autores\/carmen-sara-floriano\"><strong>Carmen Sara Floriano<\/strong><\/a> le gusta contar historias, so\u00f1arlas y escribirlas. Se emociona imaginando universos de colores, mam\u00e1s llenas de besos y l\u00e1grimas que forman mares. Gaditana de nacimiento y onubense de adopci\u00f3n, estuvo vinculada desde muy joven al mundo del teatro, del que aprendi\u00f3 a recrear y a reinventar la vida a trav\u00e9s del arte. Fue un poco m\u00e1s tarde cuando se aventur\u00f3 en el mundo de la literatura infantil y desde entonces hasta ahora, son ya numerosos los \u00e1lbumes ilustrados y cuentos infantiles que han visto la luz. Como no pod\u00eda ser de otra manera, junto a su ser escritora, surgi\u00f3 de lo m\u00e1s profundo de su persona la narradora oral que la habitaba. Por eso, cuando la llaman para contar historias, no le pesa coger su maleta llena de cuentos y recorrer bibliotecas, colegios, teatros, c\u00e1rceles, iglesias y plazas de toda la geograf\u00eda espa\u00f1ola y parte de Latinoam\u00e9rica, impartiendo talleres y actuando para ni\u00f1os y mayores. Lo hace porque est\u00e1 convencida que el arte y la creatividad, puestos al servicio de la vida y el ser humano, son capaces de transformar el mundo y la sociedad. Como ella misma dice: &#8220;Y seguir\u00e9 contando historias, y caminar\u00e9 portando sue\u00f1os, all\u00e1 donde la vida reclame, all\u00e1 donde el alma nos lleve.&#8221;<\/span><\/p>\n<p><span style=\"font-family: georgia, palatino, serif;\"><u><a href=\"http:\/\/www.carmensarafloriano.com\/\">www.carmensarafloriano.com<\/a><\/u><\/span><\/p>\n<p><span style=\"font-family: georgia, palatino, serif;\">Obra literaria:<\/span><\/p>\n<p><span style=\"font-family: georgia, palatino, serif;\">&#8220;Mi mam\u00e1 es verde, mi vecino naranja&#8221; Editorial CEPE, 2008<\/span><\/p>\n<p><span style=\"font-family: georgia, palatino, serif;\">&#8220;Elena y el camino azul&#8221; Editorial CEPE, 2008<\/span><\/p>\n<p><span style=\"font-family: georgia, palatino, serif;\">&#8220;Prepar\u00e1ndome para ir de cumplea\u00f1os&#8221; Editorial CEPE, 2008<\/span><\/p>\n<p><span style=\"font-family: georgia, palatino, serif;\">&#8220;La gymkhana de emociones&#8221; Editorial CEPE, 2008<\/span><\/p>\n<p><span style=\"font-family: georgia, palatino, serif;\">&#8220;Como Agua&#8221; Editorial Sleepyslaps, 2010<\/span><\/p>\n<p><span style=\"font-family: georgia, palatino, serif;\">&#8220;Tengo una mam\u00e1&#8221; Edici\u00f3n Sentido Sur, 2011<\/span><\/p>\n<p><span style=\"font-family: georgia, palatino, serif;\">&#8220;\u00a1As\u00ed no se juega!&#8221; Editorial CEPE, 2011<\/span><\/p>\n<p><span style=\"font-family: georgia, palatino, serif;\">&#8220;Hacer amigos&#8221; Editorial CEPE, 2011<\/span><\/p>\n<p><span style=\"font-family: georgia, palatino, serif;\">&#8220;La ni\u00f1a que s\u00f3lo sab\u00eda pintar&#8221; Edici\u00f3n Seguir Caminando, 2012<\/span><\/p>\n<p><span style=\"font-family: georgia, palatino, serif;\">&#8220;S\u00f3lo respirar&#8221; Edici\u00f3n Seguir Caminando, 2014<\/span><\/p>\n<p><span style=\"font-family: georgia, palatino, serif;\">&#8220;El Taller de sue\u00f1os&#8221; Edici\u00f3n Seguir Caminando, 2015<\/span><\/p>\n<p><span style=\"font-family: georgia, palatino, serif;\">&#8220;Mi Biblia Infantil&#8221; Edici\u00f3n Laude, Edelvives, 2016<\/span><\/p>\n<p><span style=\"font-family: georgia, palatino, serif;\">&#8220;Y usted, \u00bfqu\u00e9 vende?&#8221; Edici\u00f3n Seguir Caminando, 2017<\/span><\/p>\n<p><span style=\"font-family: georgia, palatino, serif;\">&#8220;ReCuento en el Portal&#8221; Edici\u00f3n Laude, Edelvives, 2018<\/span><\/p>\n<p><span style=\"font-family: georgia, palatino, serif;\">\u201cEl tobog\u00e1n de Hugo\u201d Edici\u00f3n Seguir Caminando, 2019<\/span><\/p>\n<p><span style=\"font-family: georgia, palatino, serif;\">\u201cMujeres amigas de Jes\u00fas\u201d Edici\u00f3n Laude, Edelvives 2019<\/span><\/p>\n<p><span style=\"font-family: georgia, palatino, serif;\">\u201cNunca se sabe\u201d Edici\u00f3n Seguir Caminando, 2021<\/span><\/p>\n<p><span style=\"font-family: georgia, palatino, serif;\">\u00a0<strong>&#8220;<a href=\"http:\/\/www.luisguitarra.com\/\" target=\"_blank\" rel=\"noopener noreferrer\">Luis Guitarra<\/a> se trata de\u00a0 de uno de los cantautores m\u00e1s representativos del panorama musical espa\u00f1ol<\/strong>. Con su especial sensibilidad para con los m\u00e1s pobres, y su especial dedicaci\u00f3n a los m\u00e1s j\u00f3venes, Luis sigue componiendo\u00a0<strong>m\u00fasica y letra para el esp\u00edritu, y regal\u00e1ndola por toda nuestra geograf\u00eda<\/strong>.<\/span><\/p>\n<\/div>\n<\/div>\n<div class=\"et_pb_button_module_wrapper et_pb_button_0_wrapper et_pb_button_alignment_center et_pb_module \"><span style=\"font-family: georgia, palatino, serif;\"><a class=\"et_pb_button et_pb_button_0 et_pb_bg_layout_light\" href=\"http:\/\/www.luisguitarra.com\/\" target=\"_blank\" rel=\"noopener\">VISITAR WEB<\/a><\/span><\/div>\n<div class=\"et_pb_module et_pb_text et_pb_text_1 et_pb_text_align_left et_pb_bg_layout_light\">\n<div class=\"et_pb_text_inner\">\n<p><span style=\"font-family: georgia, palatino, serif;\">Queremos destacar estas dos facetas de nuestro amigo Luis: primero su\u00a0<strong>esp\u00edritu altruista y generoso al servicio de los m\u00e1s pobres<\/strong>, y despu\u00e9s\u00a0<strong>su inter\u00e9s por hacer pensar, rezar, cantar a nuestros j\u00f3venes<\/strong>.<\/span><\/p>\n<p><span style=\"font-family: georgia, palatino, serif;\">De lo primero, mencionar su propia asociaci\u00f3n llamada\u00a0<a href=\"http:\/\/www.comotucomoyo.org\/\" target=\"_blank\" rel=\"noopener noreferrer\"><em>Como t\u00fa, como yo<\/em><\/a>.<\/span><\/p>\n<p><span style=\"font-family: georgia, palatino, serif;\"><strong>Como t\u00fa, Como yo, es una asociaci\u00f3n sin \u00e1nimo de lucro<\/strong>\u00a0formada por un grupo de hombres y mujeres que intenta que su vida, trabajo y ocupaciones diarias sirvan para que otras personas con problemas diversos (sociales, econ\u00f3micos, culturales, etc.)<strong>\u00a0tengan la posibilidad de salir adelante y vivir con la dignidad que merece todo ser humano.<\/strong><\/span><\/p>\n<\/div>\n<\/div>\n<\/div>\n<\/div>\n<div class=\"et_pb_row et_pb_row_1\">\n<div class=\"et_pb_column et_pb_column_4_4 et_pb_column_2 et_pb_css_mix_blend_mode_passthrough et-last-child\">\n<div class=\"et_pb_module et_pb_text et_pb_text_2 et_pb_text_align_left et_pb_bg_layout_light\">\n<div class=\"et_pb_text_inner\">\n<p><span style=\"font-family: georgia, palatino, serif;\">La financiaci\u00f3n de las distintas actividades y proyectos procede principalmente de las aportaciones que hacen los miembros o colaboradores de la asociaci\u00f3n. <strong>Una gran parte de estos recursos proviene tambi\u00e9n de las aportaciones voluntarias que reciben por los materiales que editan (discos, folletos, libros\u2026), las actuaciones o presencias que realizan.<\/strong><\/span><\/p>\n<p><span style=\"font-family: georgia, palatino, serif;\">Desde el convencimiento de que el valor de las cosas es distinto a su precio, creemos que todo debe estar a disposici\u00f3n del que lo necesita, independientemente de sus posibilidades econ\u00f3micas para pagarlas.\u00a0<strong>Por eso la mayor\u00eda de estas acciones tienen en com\u00fan el no tener ning\u00fan precio y el no pedir dinero por ellas. Tan solo se recibe lo que los dem\u00e1s aportan voluntariamente seg\u00fan quieran o puedan hacerlo.<\/strong><\/span><\/p>\n<p><span style=\"font-family: georgia, palatino, serif;\">De su faceta educadora dan cuenta sus m\u00faltiples experiencias en centros educativos con docentes, y tambi\u00e9n con los propios j\u00f3venes.\u00a0<strong>Las letras de sus canciones son utilizadas para hacer que tanto unos como otros disfruten de su fe y profundicen en ella, renovando su compromiso por un mundo mejor.<\/strong><\/span><\/p>\n<p><span style=\"font-family: georgia, palatino, serif;\"><img decoding=\"async\" class=\"wp-image-3246 jetpack-lazy-image jetpack-lazy-image--handled alignleft\" src=\"https:\/\/rpj.es\/wp-content\/uploads\/2018\/08\/RPJ-Siente-LuisGuitarra-01.jpg\" sizes=\"(max-width: 300px) 100vw, 300px\" srcset=\"https:\/\/rpj.es\/wp-content\/uploads\/2018\/08\/RPJ-Siente-LuisGuitarra-01.jpg 764w, https:\/\/rpj.es\/wp-content\/uploads\/2018\/08\/RPJ-Siente-LuisGuitarra-01-229x300.jpg 229w\" alt=\"RPJ-Siente-LuisGuitarra\" width=\"221\" height=\"290\" data-lazy-loaded=\"1\" \/><\/span><\/p>\n<\/div>\n<p>&nbsp;<\/p>\n<p><span style=\"font-family: georgia, palatino, serif;\">Por ejemplo, Luis lleva animando desde hace a\u00f1os un taller llamado<strong>\u00a0<em>\u00bfTu vida la eliges t\u00fa?<\/em><\/strong>\u00a0Es un taller que aborda el tema de<strong>\u00a0desde d\u00f3nde se toman las decisiones,<\/strong>\u00a0trabajado en grupos peque\u00f1os con alumnos y alumnas de 2\u00ba de Bachillerato. La experiencia es muy positiva, y los j\u00f3venes se expresan con libertad y seg\u00fan ellos mismos \u00ables sirve\u00bb.<\/span><\/p>\n<\/div>\n<\/div>\n<\/div>\n<div class=\"et_pb_row et_pb_row_2\">\n<div class=\"et_pb_column et_pb_column_1_3 et_pb_column_3 et_pb_css_mix_blend_mode_passthrough\">\n<div class=\"et_pb_module et_pb_image et_pb_image_1\" style=\"text-align: center;\"><span style=\"font-family: georgia, palatino, serif;\"><span style=\"color: #0000ff;\">\u00a0<\/span><a href=\"https:\/\/www.youtube.com\/watch?v=uuslcby4GIM\"><span style=\"color: #0000ff;\">PARA LA GUERRA NADA_<\/span><\/a> Luis Guitarra<\/span><\/div>\n<\/div>\n<div class=\"et_pb_column et_pb_column_2_3 et_pb_column_4 et_pb_css_mix_blend_mode_passthrough et-last-child\">\n<div class=\"et_pb_module et_pb_text et_pb_text_3 et_pb_text_align_left et_pb_bg_layout_light\">\n<div class=\"et_pb_text_inner\">\n<p><span style=\"font-family: georgia, palatino, serif;\">Para disfrutar m\u00e1s de este autor y su espiritualidad hecha m\u00fasica, puedes escuchar su m\u00fasica en su\u00a0<a href=\"https:\/\/www.youtube.com\/user\/LuisGuitarraReal\" target=\"_blank\" rel=\"noopener noreferrer\">canal de Youtube<\/a>.<\/span><\/p>\n<\/div>\n<\/div>\n<div class=\"et_pb_button_module_wrapper et_pb_button_1_wrapper et_pb_module \"><span style=\"font-family: georgia, palatino, serif;\"><a class=\"et_pb_button et_pb_button_1 et_pb_bg_layout_light\" href=\"https:\/\/www.youtube.com\/user\/LuisGuitarraReal\/featured\" target=\"_blank\" rel=\"noopener\">IR AL CANAL DE YOUTUBE<\/a><\/span><\/div>\n<\/div>\n<\/div>\n","protected":false},"excerpt":{"rendered":"<p>El pr\u00f3ximo 4 de Noviembre, en la parroquia de Sopelana,\u00a0 San Pedro Ap\u00f3stol, Luis Guitarra ofrecer\u00e1 junto a Carmen Sara,\u00a0 &#8220;Relatos y\u00a0 Canciones para despertar el alma&#8221; Os contamos algo sobre Carmen Sara y Luis Guitarra: A Carmen Sara Floriano le gusta contar historias, so\u00f1arlas y escribirlas. Se emociona imaginando universos de colores, mam\u00e1s llenas de besos y l\u00e1grimas que forman mares. Gaditana de nacimiento y onubense de adopci\u00f3n, estuvo vinculada desde muy joven al mundo del teatro, del que aprendi\u00f3 a recrear y a reinventar la vida a trav\u00e9s del arte. Fue un poco m\u00e1s tarde cuando se aventur\u00f3 en el mundo de la literatura infantil y desde entonces hasta ahora, son ya numerosos los \u00e1lbumes ilustrados y cuentos infantiles que han visto la luz. Como no pod\u00eda ser de otra manera, junto a su ser escritora, surgi\u00f3 de lo m\u00e1s profundo de su persona la narradora oral que la habitaba. Por eso, cuando la llaman para contar historias, no le pesa coger su maleta llena de cuentos y recorrer bibliotecas, colegios, teatros, c\u00e1rceles, iglesias y plazas de toda la geograf\u00eda espa\u00f1ola y parte de Latinoam\u00e9rica, impartiendo talleres y actuando para ni\u00f1os y mayores. Lo hace porque est\u00e1 convencida que el arte y la creatividad, puestos al servicio de la vida y el ser humano, son capaces de transformar el mundo y la sociedad. Como ella misma dice: &#8220;Y seguir\u00e9 contando historias, y caminar\u00e9 portando sue\u00f1os, all\u00e1 donde la vida reclame, all\u00e1 donde el alma nos lleve.&#8221; www.carmensarafloriano.com Obra literaria: &#8220;Mi mam\u00e1 es verde, mi vecino naranja&#8221; Editorial CEPE, 2008 &#8220;Elena y el camino azul&#8221; Editorial CEPE, 2008 &#8220;Prepar\u00e1ndome para ir de cumplea\u00f1os&#8221; Editorial CEPE, 2008 &#8220;La gymkhana de emociones&#8221; Editorial CEPE, 2008 &#8220;Como Agua&#8221; Editorial Sleepyslaps, 2010 &#8220;Tengo una mam\u00e1&#8221; Edici\u00f3n Sentido Sur, 2011 &#8220;\u00a1As\u00ed no se juega!&#8221; Editorial CEPE, 2011 &#8220;Hacer amigos&#8221; Editorial CEPE, 2011 &#8220;La ni\u00f1a que s\u00f3lo sab\u00eda pintar&#8221; Edici\u00f3n Seguir Caminando, 2012 &#8220;S\u00f3lo respirar&#8221; Edici\u00f3n Seguir Caminando, 2014 &#8220;El Taller de sue\u00f1os&#8221; Edici\u00f3n Seguir Caminando, 2015 &#8220;Mi Biblia Infantil&#8221; Edici\u00f3n Laude, Edelvives, 2016 &#8220;Y usted, \u00bfqu\u00e9 vende?&#8221; Edici\u00f3n Seguir Caminando, 2017 &#8220;ReCuento en el Portal&#8221; Edici\u00f3n Laude, Edelvives, 2018 \u201cEl tobog\u00e1n de Hugo\u201d Edici\u00f3n Seguir Caminando, 2019 \u201cMujeres amigas de Jes\u00fas\u201d Edici\u00f3n Laude, Edelvives 2019 \u201cNunca se sabe\u201d Edici\u00f3n Seguir Caminando, 2021 \u00a0&#8220;Luis Guitarra se trata de\u00a0 de uno de los cantautores m\u00e1s representativos del panorama musical espa\u00f1ol. Con su especial sensibilidad para con los m\u00e1s pobres, y su especial dedicaci\u00f3n a los m\u00e1s j\u00f3venes, Luis sigue componiendo\u00a0m\u00fasica y letra para el esp\u00edritu, y regal\u00e1ndola por toda nuestra geograf\u00eda. VISITAR WEB Queremos destacar estas dos facetas de nuestro amigo Luis: primero su\u00a0esp\u00edritu altruista y generoso al servicio de los m\u00e1s pobres, y despu\u00e9s\u00a0su inter\u00e9s por hacer pensar, rezar, cantar a nuestros j\u00f3venes. De lo primero, mencionar su propia asociaci\u00f3n llamada\u00a0Como t\u00fa, como yo. Como t\u00fa, Como yo, es una asociaci\u00f3n sin \u00e1nimo de lucro\u00a0formada por un grupo de hombres y mujeres que intenta que su vida, trabajo y ocupaciones diarias sirvan para que otras personas con problemas diversos (sociales, econ\u00f3micos, culturales, etc.)\u00a0tengan la posibilidad de salir adelante y vivir con la dignidad que merece todo ser humano. La financiaci\u00f3n de las distintas actividades y proyectos procede principalmente de las aportaciones que hacen los miembros o colaboradores de la asociaci\u00f3n. Una gran parte de estos recursos proviene tambi\u00e9n de las aportaciones voluntarias que reciben por los materiales que editan (discos, folletos, libros\u2026), las actuaciones o presencias que realizan. Desde el convencimiento de que el valor de las cosas es distinto a su precio, creemos que todo debe estar a disposici\u00f3n del que lo necesita, independientemente de sus posibilidades econ\u00f3micas para pagarlas.\u00a0Por eso la mayor\u00eda de estas acciones tienen en com\u00fan el no tener ning\u00fan precio y el no pedir dinero por ellas. Tan solo se recibe lo que los dem\u00e1s aportan voluntariamente seg\u00fan quieran o puedan hacerlo. De su faceta educadora dan cuenta sus m\u00faltiples experiencias en centros educativos con docentes, y tambi\u00e9n con los propios j\u00f3venes.\u00a0Las letras de sus canciones son utilizadas para hacer que tanto unos como otros disfruten de su fe y profundicen en ella, renovando su compromiso por un mundo mejor. &nbsp; Por ejemplo, Luis lleva animando desde hace a\u00f1os un taller llamado\u00a0\u00bfTu vida la eliges t\u00fa?\u00a0Es un taller que aborda el tema de\u00a0desde d\u00f3nde se toman las decisiones,\u00a0trabajado en grupos peque\u00f1os con alumnos y alumnas de 2\u00ba de Bachillerato. La experiencia es muy positiva, y los j\u00f3venes se expresan con libertad y seg\u00fan ellos mismos \u00ables sirve\u00bb. \u00a0PARA LA GUERRA NADA_ Luis Guitarra Para disfrutar m\u00e1s de este autor y su espiritualidad hecha m\u00fasica, puedes escuchar su m\u00fasica en su\u00a0canal de Youtube. IR AL CANAL DE YOUTUBE<\/p>\n","protected":false},"author":1,"featured_media":0,"comment_status":"open","ping_status":"open","sticky":false,"template":"","format":"standard","meta":{"footnotes":""},"categories":[1],"tags":[],"class_list":["post-7109","post","type-post","status-publish","format-standard","hentry","category-sin-categorizar"],"aioseo_notices":[],"acf":[],"_links":{"self":[{"href":"https:\/\/vicaria6.bizkeliza.net\/index.php?rest_route=\/wp\/v2\/posts\/7109","targetHints":{"allow":["GET"]}}],"collection":[{"href":"https:\/\/vicaria6.bizkeliza.net\/index.php?rest_route=\/wp\/v2\/posts"}],"about":[{"href":"https:\/\/vicaria6.bizkeliza.net\/index.php?rest_route=\/wp\/v2\/types\/post"}],"author":[{"embeddable":true,"href":"https:\/\/vicaria6.bizkeliza.net\/index.php?rest_route=\/wp\/v2\/users\/1"}],"replies":[{"embeddable":true,"href":"https:\/\/vicaria6.bizkeliza.net\/index.php?rest_route=%2Fwp%2Fv2%2Fcomments&post=7109"}],"version-history":[{"count":7,"href":"https:\/\/vicaria6.bizkeliza.net\/index.php?rest_route=\/wp\/v2\/posts\/7109\/revisions"}],"predecessor-version":[{"id":7118,"href":"https:\/\/vicaria6.bizkeliza.net\/index.php?rest_route=\/wp\/v2\/posts\/7109\/revisions\/7118"}],"wp:attachment":[{"href":"https:\/\/vicaria6.bizkeliza.net\/index.php?rest_route=%2Fwp%2Fv2%2Fmedia&parent=7109"}],"wp:term":[{"taxonomy":"category","embeddable":true,"href":"https:\/\/vicaria6.bizkeliza.net\/index.php?rest_route=%2Fwp%2Fv2%2Fcategories&post=7109"},{"taxonomy":"post_tag","embeddable":true,"href":"https:\/\/vicaria6.bizkeliza.net\/index.php?rest_route=%2Fwp%2Fv2%2Ftags&post=7109"}],"curies":[{"name":"wp","href":"https:\/\/api.w.org\/{rel}","templated":true}]}}