{"id":7782,"date":"2025-01-09T21:50:15","date_gmt":"2025-01-09T21:50:15","guid":{"rendered":"https:\/\/vicaria6.bizkeliza.net\/?p=7782"},"modified":"2025-01-09T21:50:15","modified_gmt":"2025-01-09T21:50:15","slug":"5-a-edicion-del-retiro-para-jovenes-un-fin-de-semana-inolvidable","status":"publish","type":"post","link":"https:\/\/vicaria6.bizkeliza.net\/?p=7782","title":{"rendered":"5 \u00aa Edici\u00f3n del retiro para j\u00f3venes. Un fin de semana inolvidable"},"content":{"rendered":"<p>\u00bf<b>Necesitas\u00a0<\/b><b>discernir<\/b> en tu vida personal, estudiantil o profesional? \u00bfTienes un deseo de silencio y de oraci\u00f3n?\u00a0 Te ofrecemos una experiencia de retiro de fin de semana una jornada espiritual\u00a0 espec\u00edfica para j\u00f3venes de 16 a 30 a\u00f1os, que te permita recargar las bater\u00edas con energ\u00eda espiritual.Una propuesta para quedar <b>conectado con lo esencial.<\/b><\/p>\n<p><img fetchpriority=\"high\" decoding=\"async\" class=\" wp-image-7783 alignleft\" src=\"https:\/\/vicaria6.bizkeliza.net\/wp-content\/uploads\/2025\/01\/Retiro-jovenes.jpeg\" alt=\"Retiro J\u00f3venes- 2025\" width=\"358\" height=\"428\" srcset=\"https:\/\/vicaria6.bizkeliza.net\/wp-content\/uploads\/2025\/01\/Retiro-jovenes.jpeg 719w, https:\/\/vicaria6.bizkeliza.net\/wp-content\/uploads\/2025\/01\/Retiro-jovenes-251x300.jpeg 251w\" sizes=\"(max-width: 358px) 100vw, 358px\" \/><\/p>\n<p><b>\u00c1b<\/b><b>rete a es esta experiencia muy pe<\/b><b>rsonal, en la que\u00a0 estar\u00e1s \u201cen contacto con Dios\u201d y tambi\u00e9n con una misma.<\/b><\/p>\n<p><strong><span style=\"color: #ff0000;\">Fecha: 8 y 9 de febrero<\/span><\/strong><\/p>\n<p>Si quieres ver como fue el a\u00f1o pasado mira, mira&#8230;. <strong><span style=\"color: #ff0000;\"><a style=\"color: #ff0000;\" href=\"https:\/\/bizkeliza.org\/noticia\/mas-de-60-jovenes-han-participado-en-un-retiro-en-berriz\/\">Retiro 2024<\/a><\/span><\/strong><\/p>\n<p>Si est\u00e1s interesado, interesada &#8230;.sigue leyendo.. La informaci\u00f3n e instrucciones para apuntaros y realizar el pago las encontrar\u00e9is al inicio del formulario.<\/p>\n<p>La <strong>fecha l\u00edmite para apuntarse es el 26 de enero<\/strong> . En caso de que teng\u00e1is cualquier duda, preguntad en vuestras parroquias de referencia.<\/p>\n<p><span style=\"color: #ff0000;\"><a style=\"color: #ff0000;\" href=\"https:\/\/forms.office.com\/e\/buLzCk3tbA?o\"><strong>Formulario de enlace<\/strong><\/a><\/span><\/p>\n<p>&nbsp;<\/p>\n","protected":false},"excerpt":{"rendered":"<p>\u00bfNecesitas\u00a0discernir en tu vida personal, estudiantil o profesional? \u00bfTienes un deseo de silencio y de oraci\u00f3n?\u00a0 Te ofrecemos una experiencia de retiro de fin de semana una jornada espiritual\u00a0 espec\u00edfica para j\u00f3venes de 16 a 30 a\u00f1os, que te permita recargar las bater\u00edas con energ\u00eda espiritual.Una propuesta para quedar conectado con lo esencial. \u00c1brete a es esta experiencia muy personal, en la que\u00a0 estar\u00e1s \u201cen contacto con Dios\u201d y tambi\u00e9n con una misma. Fecha: 8 y 9 de febrero Si quieres ver como fue el a\u00f1o pasado mira, mira&#8230;. Retiro 2024 Si est\u00e1s interesado, interesada &#8230;.sigue leyendo.. La informaci\u00f3n e instrucciones para apuntaros y realizar el pago las encontrar\u00e9is al inicio del formulario. La fecha l\u00edmite para apuntarse es el 26 de enero . En caso de que teng\u00e1is cualquier duda, preguntad en vuestras parroquias de referencia. Formulario de enlace &nbsp;<\/p>\n","protected":false},"author":1,"featured_media":0,"comment_status":"open","ping_status":"open","sticky":false,"template":"","format":"standard","meta":{"footnotes":""},"categories":[1],"tags":[],"class_list":["post-7782","post","type-post","status-publish","format-standard","hentry","category-sin-categorizar"],"aioseo_notices":[],"acf":[],"_links":{"self":[{"href":"https:\/\/vicaria6.bizkeliza.net\/index.php?rest_route=\/wp\/v2\/posts\/7782","targetHints":{"allow":["GET"]}}],"collection":[{"href":"https:\/\/vicaria6.bizkeliza.net\/index.php?rest_route=\/wp\/v2\/posts"}],"about":[{"href":"https:\/\/vicaria6.bizkeliza.net\/index.php?rest_route=\/wp\/v2\/types\/post"}],"author":[{"embeddable":true,"href":"https:\/\/vicaria6.bizkeliza.net\/index.php?rest_route=\/wp\/v2\/users\/1"}],"replies":[{"embeddable":true,"href":"https:\/\/vicaria6.bizkeliza.net\/index.php?rest_route=%2Fwp%2Fv2%2Fcomments&post=7782"}],"version-history":[{"count":1,"href":"https:\/\/vicaria6.bizkeliza.net\/index.php?rest_route=\/wp\/v2\/posts\/7782\/revisions"}],"predecessor-version":[{"id":7785,"href":"https:\/\/vicaria6.bizkeliza.net\/index.php?rest_route=\/wp\/v2\/posts\/7782\/revisions\/7785"}],"wp:attachment":[{"href":"https:\/\/vicaria6.bizkeliza.net\/index.php?rest_route=%2Fwp%2Fv2%2Fmedia&parent=7782"}],"wp:term":[{"taxonomy":"category","embeddable":true,"href":"https:\/\/vicaria6.bizkeliza.net\/index.php?rest_route=%2Fwp%2Fv2%2Fcategories&post=7782"},{"taxonomy":"post_tag","embeddable":true,"href":"https:\/\/vicaria6.bizkeliza.net\/index.php?rest_route=%2Fwp%2Fv2%2Ftags&post=7782"}],"curies":[{"name":"wp","href":"https:\/\/api.w.org\/{rel}","templated":true}]}}