{"id":8119,"date":"2026-04-27T09:43:34","date_gmt":"2026-04-27T09:43:34","guid":{"rendered":"https:\/\/vicaria6.bizkeliza.net\/?p=8119"},"modified":"2026-04-27T09:44:32","modified_gmt":"2026-04-27T09:44:32","slug":"encuentro-anual-de-referentes-parroquiales-vicaria-vi","status":"publish","type":"post","link":"https:\/\/vicaria6.bizkeliza.net\/?p=8119","title":{"rendered":"Encuentro Anual de Referentes Parroquiales. Vicar\u00eda VI."},"content":{"rendered":"<p>Por\u00a0<strong>referente parroquial\u00a0<\/strong>se entiende la persona que en una parroquia coopera en el servicio propio del presb\u00edtero a la atenci\u00f3n global, promoviendo y animando con \u00e9l, y bajo su direcci\u00f3n, la actividad pastoral.<\/p>\n<p><img fetchpriority=\"high\" decoding=\"async\" class=\" wp-image-8120 alignleft\" src=\"https:\/\/vicaria6.bizkeliza.net\/wp-content\/uploads\/2026\/04\/referentes-parroquiales-2026-1024x724.jpg\" alt=\"Referentes Parroquiales. Vicaria 6\" width=\"409\" height=\"289\" srcset=\"https:\/\/vicaria6.bizkeliza.net\/wp-content\/uploads\/2026\/04\/referentes-parroquiales-2026-1024x724.jpg 1024w, https:\/\/vicaria6.bizkeliza.net\/wp-content\/uploads\/2026\/04\/referentes-parroquiales-2026-300x212.jpg 300w, https:\/\/vicaria6.bizkeliza.net\/wp-content\/uploads\/2026\/04\/referentes-parroquiales-2026-768x543.jpg 768w, https:\/\/vicaria6.bizkeliza.net\/wp-content\/uploads\/2026\/04\/referentes-parroquiales-2026-1536x1086.jpg 1536w, https:\/\/vicaria6.bizkeliza.net\/wp-content\/uploads\/2026\/04\/referentes-parroquiales-2026-1140x806.jpg 1140w, https:\/\/vicaria6.bizkeliza.net\/wp-content\/uploads\/2026\/04\/referentes-parroquiales-2026.jpg 2000w\" sizes=\"(max-width: 409px) 100vw, 409px\" \/>El <strong>s\u00e1bado, d\u00eda 25 de Abril<\/strong> se ha celebrado el por tercer a\u00f1o el <strong>Encuentro Anual de Referentes de Parroquiales de la Vicar\u00eda VI<\/strong>. En el encuentro han participado las personas que realizan este servicio a las comunidades parroquiales y unidades pastorales de\u00a0 Txorierri, Mungia, Mungialdea, Uribe Kosta, Gobela- Galea, Las Arenas-Romo, Leioa, Astrabudua- Erandio.\u00a0 Mas de 35 personas, mujeres en su gran mayor\u00eda, procedentes de comunidades rurales y peque\u00f1as de no mas de 8 personas de feligres\u00eda, y de comunidades muy grandes que llenan las misas dominicales. Referentes todas ellas.<\/p>\n<p>Desde la llamada a\u00a0 ser fuertes en la debilidad (2Cor 12, 9-10)\u00a0 pudimos rezar con la propuesta que nos ofreci\u00f3 Manuel de las Fuentes &#8220;\u00bfDonde encontrar\/cargar esperanza en tiempos de reduccion?.<\/p>\n<p>En nuestra cuenta de Instagram encontrareis el video del encuentro.<\/p>\n<p><span style=\"color: #008000;\"><a style=\"color: #008000;\" href=\"https:\/\/www.instagram.com\/anunciovicariasexta\"> https:\/\/www.instagram.com\/anunciovicariasexta<\/a><\/span><\/p>\n<p>&nbsp;<\/p>\n","protected":false},"excerpt":{"rendered":"<p>Por\u00a0referente parroquial\u00a0se entiende la persona que en una parroquia coopera en el servicio propio del presb\u00edtero a la atenci\u00f3n global, promoviendo y animando con \u00e9l, y bajo su direcci\u00f3n, la actividad pastoral. El s\u00e1bado, d\u00eda 25 de Abril se ha celebrado el por tercer a\u00f1o el Encuentro Anual de Referentes de Parroquiales de la Vicar\u00eda VI. En el encuentro han participado las personas que realizan este servicio a las comunidades parroquiales y unidades pastorales de\u00a0 Txorierri, Mungia, Mungialdea, Uribe Kosta, Gobela- Galea, Las Arenas-Romo, Leioa, Astrabudua- Erandio.\u00a0 Mas de 35 personas, mujeres en su gran mayor\u00eda, procedentes de comunidades rurales y peque\u00f1as de no mas de 8 personas de feligres\u00eda, y de comunidades muy grandes que llenan las misas dominicales. Referentes todas ellas. Desde la llamada a\u00a0 ser fuertes en la debilidad (2Cor 12, 9-10)\u00a0 pudimos rezar con la propuesta que nos ofreci\u00f3 Manuel de las Fuentes &#8220;\u00bfDonde encontrar\/cargar esperanza en tiempos de reduccion?. En nuestra cuenta de Instagram encontrareis el video del encuentro. https:\/\/www.instagram.com\/anunciovicariasexta &nbsp;<\/p>\n","protected":false},"author":1,"featured_media":0,"comment_status":"open","ping_status":"open","sticky":false,"template":"","format":"standard","meta":{"footnotes":""},"categories":[51],"tags":[],"class_list":["post-8119","post","type-post","status-publish","format-standard","hentry","category-vicaria-vi"],"aioseo_notices":[],"acf":[],"_links":{"self":[{"href":"https:\/\/vicaria6.bizkeliza.net\/index.php?rest_route=\/wp\/v2\/posts\/8119","targetHints":{"allow":["GET"]}}],"collection":[{"href":"https:\/\/vicaria6.bizkeliza.net\/index.php?rest_route=\/wp\/v2\/posts"}],"about":[{"href":"https:\/\/vicaria6.bizkeliza.net\/index.php?rest_route=\/wp\/v2\/types\/post"}],"author":[{"embeddable":true,"href":"https:\/\/vicaria6.bizkeliza.net\/index.php?rest_route=\/wp\/v2\/users\/1"}],"replies":[{"embeddable":true,"href":"https:\/\/vicaria6.bizkeliza.net\/index.php?rest_route=%2Fwp%2Fv2%2Fcomments&post=8119"}],"version-history":[{"count":2,"href":"https:\/\/vicaria6.bizkeliza.net\/index.php?rest_route=\/wp\/v2\/posts\/8119\/revisions"}],"predecessor-version":[{"id":8122,"href":"https:\/\/vicaria6.bizkeliza.net\/index.php?rest_route=\/wp\/v2\/posts\/8119\/revisions\/8122"}],"wp:attachment":[{"href":"https:\/\/vicaria6.bizkeliza.net\/index.php?rest_route=%2Fwp%2Fv2%2Fmedia&parent=8119"}],"wp:term":[{"taxonomy":"category","embeddable":true,"href":"https:\/\/vicaria6.bizkeliza.net\/index.php?rest_route=%2Fwp%2Fv2%2Fcategories&post=8119"},{"taxonomy":"post_tag","embeddable":true,"href":"https:\/\/vicaria6.bizkeliza.net\/index.php?rest_route=%2Fwp%2Fv2%2Ftags&post=8119"}],"curies":[{"name":"wp","href":"https:\/\/api.w.org\/{rel}","templated":true}]}}